{"id":3959,"date":"2026-03-15T17:45:07","date_gmt":"2026-03-15T16:45:07","guid":{"rendered":"https:\/\/www.gym-toelz.de\/?p=3959"},"modified":"2026-03-15T18:12:07","modified_gmt":"2026-03-15T17:12:07","slug":"ein-relikurs-engagiert-sich","status":"publish","type":"post","link":"https:\/\/www.gym-toelz.de\/index.php\/2026\/03\/15\/ein-relikurs-engagiert-sich\/","title":{"rendered":"Ein Relikurs engagiert sich"},"content":{"rendered":"<p>Ein Relikurs engagiert sich f\u00fcr den Verein NALA e.V. \u201eBildung statt Beschneidung\u201c<br \/>\n(von Anita Bittner)<\/p>\n<p><img loading=\"lazy\" decoding=\"async\" class=\"aligncenter wp-image-3961 \" src=\"https:\/\/www.gym-toelz.de\/wp-content\/uploads\/2026\/03\/Foto2_Projekt_kath.Reli_SJ25-26_Bit-scaled.jpg\" alt=\"\" width=\"874\" height=\"500\" srcset=\"https:\/\/www.gym-toelz.de\/wp-content\/uploads\/2026\/03\/Foto2_Projekt_kath.Reli_SJ25-26_Bit-scaled.jpg 2560w, https:\/\/www.gym-toelz.de\/wp-content\/uploads\/2026\/03\/Foto2_Projekt_kath.Reli_SJ25-26_Bit-300x172.jpg 300w, https:\/\/www.gym-toelz.de\/wp-content\/uploads\/2026\/03\/Foto2_Projekt_kath.Reli_SJ25-26_Bit-1030x589.jpg 1030w, https:\/\/www.gym-toelz.de\/wp-content\/uploads\/2026\/03\/Foto2_Projekt_kath.Reli_SJ25-26_Bit-768x439.jpg 768w, https:\/\/www.gym-toelz.de\/wp-content\/uploads\/2026\/03\/Foto2_Projekt_kath.Reli_SJ25-26_Bit-1536x879.jpg 1536w, https:\/\/www.gym-toelz.de\/wp-content\/uploads\/2026\/03\/Foto2_Projekt_kath.Reli_SJ25-26_Bit-2048x1172.jpg 2048w, https:\/\/www.gym-toelz.de\/wp-content\/uploads\/2026\/03\/Foto2_Projekt_kath.Reli_SJ25-26_Bit-1500x858.jpg 1500w, https:\/\/www.gym-toelz.de\/wp-content\/uploads\/2026\/03\/Foto2_Projekt_kath.Reli_SJ25-26_Bit-705x403.jpg 705w\" sizes=\"auto, (max-width: 874px) 100vw, 874px\" \/><br \/>\nEinen Schwerpunkt des katholischen Religionsunterrichts der Oberstufe stellt die Besch\u00e4ftigung mit dem biblisch-christlichen Menschenbild dar. In diesem Zusammenhang geht es auch um Engagement und Entfaltungsm\u00f6glichkeiten in Kirchengemeinden, Parteien, Verb\u00e4nden, NGOs sowie Initiativen im \u00f6kologischen und sozialen Bereich. Die Sch\u00fclerinnen und Sch\u00fcler hatten im Unterricht diverse regionale und auch international t\u00e4tige Vereine und Projekte in Referaten vorgestellt, u.a. den Verein NALA e.V., der sich mittels Bildung gegen Genitalverst\u00fcmmelung von Frauen (FGM) in Burkina Faso einsetzt. Die Arbeit dieses Vereins wollten die Jugendlichen nicht nur n\u00e4her kennenlernen, sondern auch aktiv unterst\u00fctzen. So organisierten sie einen Kuchenverkauf, bei dem sie 250 Euro an Spenden einnahmen. Diese Summe wurde am 13.3.26 Fadumo und Walter Korn von NALA e.V. \u00fcbergeben. Die Gr\u00fcnder dieses Vereins, die immer wieder pers\u00f6nlich nach Burkina Faso reisen und auch mit unserem Burkina-Faso-Verein in engem Kontakt stehen (vgl. die Ausstellung von Walter Korn zum 30-j\u00e4hrigen Jubil\u00e4um unseres schulinternen Vereins Gemeinsam f\u00fcr Afrika e.V.), besuchten an diesem Tag das Gabriel-von-Seidl-Gymnasium und informierten in einem Bildervortrag \u00fcber Schulen in Burkina Faso, die durch NALA e.V. gef\u00f6rdert werden. Das Engagement und die Tatkraft von Walter und Fadumo zeigen uns, wie viel Positives entstehen kann, wenn Menschen mutig f\u00fcr ihre Ideale eintreten.<\/p>\n<p><img loading=\"lazy\" decoding=\"async\" class=\"aligncenter wp-image-3960 \" src=\"https:\/\/www.gym-toelz.de\/wp-content\/uploads\/2026\/03\/Foto1_Projekt_kath.Reli_SJ25-26_Bit-scaled.jpg\" alt=\"\" width=\"869\" height=\"489\" srcset=\"https:\/\/www.gym-toelz.de\/wp-content\/uploads\/2026\/03\/Foto1_Projekt_kath.Reli_SJ25-26_Bit-scaled.jpg 2560w, https:\/\/www.gym-toelz.de\/wp-content\/uploads\/2026\/03\/Foto1_Projekt_kath.Reli_SJ25-26_Bit-300x169.jpg 300w, https:\/\/www.gym-toelz.de\/wp-content\/uploads\/2026\/03\/Foto1_Projekt_kath.Reli_SJ25-26_Bit-1030x579.jpg 1030w, https:\/\/www.gym-toelz.de\/wp-content\/uploads\/2026\/03\/Foto1_Projekt_kath.Reli_SJ25-26_Bit-768x432.jpg 768w, https:\/\/www.gym-toelz.de\/wp-content\/uploads\/2026\/03\/Foto1_Projekt_kath.Reli_SJ25-26_Bit-1536x864.jpg 1536w, https:\/\/www.gym-toelz.de\/wp-content\/uploads\/2026\/03\/Foto1_Projekt_kath.Reli_SJ25-26_Bit-2048x1152.jpg 2048w, https:\/\/www.gym-toelz.de\/wp-content\/uploads\/2026\/03\/Foto1_Projekt_kath.Reli_SJ25-26_Bit-1500x844.jpg 1500w, https:\/\/www.gym-toelz.de\/wp-content\/uploads\/2026\/03\/Foto1_Projekt_kath.Reli_SJ25-26_Bit-705x397.jpg 705w\" sizes=\"auto, (max-width: 869px) 100vw, 869px\" \/><\/p>\n","protected":false},"excerpt":{"rendered":"<p>Ein Relikurs engagiert sich f\u00fcr den Verein NALA e.V. \u201eBildung statt Beschneidung\u201c (von Anita Bittner) Einen Schwerpunkt des katholischen Religionsunterrichts der Oberstufe stellt die Besch\u00e4ftigung mit dem biblisch-christlichen Menschenbild dar. In diesem Zusammenhang geht es auch um Engagement und Entfaltungsm\u00f6glichkeiten in Kirchengemeinden, Parteien, Verb\u00e4nden, NGOs sowie Initiativen im \u00f6kologischen und sozialen Bereich. Die Sch\u00fclerinnen und [&hellip;]<\/p>\n","protected":false},"author":3,"featured_media":3960,"comment_status":"closed","ping_status":"open","sticky":false,"template":"","format":"standard","meta":{"footnotes":""},"categories":[8,22],"tags":[],"class_list":["post-3959","post","type-post","status-publish","format-standard","has-post-thumbnail","hentry","category-aktuelles","category-religion"],"_links":{"self":[{"href":"https:\/\/www.gym-toelz.de\/index.php\/wp-json\/wp\/v2\/posts\/3959","targetHints":{"allow":["GET"]}}],"collection":[{"href":"https:\/\/www.gym-toelz.de\/index.php\/wp-json\/wp\/v2\/posts"}],"about":[{"href":"https:\/\/www.gym-toelz.de\/index.php\/wp-json\/wp\/v2\/types\/post"}],"author":[{"embeddable":true,"href":"https:\/\/www.gym-toelz.de\/index.php\/wp-json\/wp\/v2\/users\/3"}],"replies":[{"embeddable":true,"href":"https:\/\/www.gym-toelz.de\/index.php\/wp-json\/wp\/v2\/comments?post=3959"}],"version-history":[{"count":2,"href":"https:\/\/www.gym-toelz.de\/index.php\/wp-json\/wp\/v2\/posts\/3959\/revisions"}],"predecessor-version":[{"id":3964,"href":"https:\/\/www.gym-toelz.de\/index.php\/wp-json\/wp\/v2\/posts\/3959\/revisions\/3964"}],"wp:featuredmedia":[{"embeddable":true,"href":"https:\/\/www.gym-toelz.de\/index.php\/wp-json\/wp\/v2\/media\/3960"}],"wp:attachment":[{"href":"https:\/\/www.gym-toelz.de\/index.php\/wp-json\/wp\/v2\/media?parent=3959"}],"wp:term":[{"taxonomy":"category","embeddable":true,"href":"https:\/\/www.gym-toelz.de\/index.php\/wp-json\/wp\/v2\/categories?post=3959"},{"taxonomy":"post_tag","embeddable":true,"href":"https:\/\/www.gym-toelz.de\/index.php\/wp-json\/wp\/v2\/tags?post=3959"}],"curies":[{"name":"wp","href":"https:\/\/api.w.org\/{rel}","templated":true}]}}