{"id":3956,"date":"2026-03-15T17:38:42","date_gmt":"2026-03-15T16:38:42","guid":{"rendered":"https:\/\/www.gym-toelz.de\/?p=3956"},"modified":"2026-03-15T17:38:42","modified_gmt":"2026-03-15T16:38:42","slug":"lehramtsbotschafter","status":"publish","type":"post","link":"https:\/\/www.gym-toelz.de\/index.php\/2026\/03\/15\/lehramtsbotschafter\/","title":{"rendered":"Lehramtsbotschafter"},"content":{"rendered":"<p>Infovortrag der Lehramtsbotschafter f\u00fcr die Jahrgangsstufen 11 und 12<img loading=\"lazy\" decoding=\"async\" class=\"size-square wp-image-3955 alignright\" src=\"https:\/\/www.gym-toelz.de\/wp-content\/uploads\/2026\/03\/Foto1_Lehramtsinfovortrag_SJ25-26_Bit-180x180.webp\" alt=\"\" width=\"180\" height=\"180\" srcset=\"https:\/\/www.gym-toelz.de\/wp-content\/uploads\/2026\/03\/Foto1_Lehramtsinfovortrag_SJ25-26_Bit-180x180.webp 180w, https:\/\/www.gym-toelz.de\/wp-content\/uploads\/2026\/03\/Foto1_Lehramtsinfovortrag_SJ25-26_Bit-300x300.webp 300w, https:\/\/www.gym-toelz.de\/wp-content\/uploads\/2026\/03\/Foto1_Lehramtsinfovortrag_SJ25-26_Bit-80x80.webp 80w, https:\/\/www.gym-toelz.de\/wp-content\/uploads\/2026\/03\/Foto1_Lehramtsinfovortrag_SJ25-26_Bit-768x768.webp 768w, https:\/\/www.gym-toelz.de\/wp-content\/uploads\/2026\/03\/Foto1_Lehramtsinfovortrag_SJ25-26_Bit-36x36.webp 36w, https:\/\/www.gym-toelz.de\/wp-content\/uploads\/2026\/03\/Foto1_Lehramtsinfovortrag_SJ25-26_Bit-705x705.webp 705w, https:\/\/www.gym-toelz.de\/wp-content\/uploads\/2026\/03\/Foto1_Lehramtsinfovortrag_SJ25-26_Bit.webp 1024w\" sizes=\"auto, (max-width: 180px) 100vw, 180px\" \/><br \/>\n(von Anita Bittner, KBO)<br \/>\nIm Rahmen des Projekts \u201eVor Ort\u201c engagieren sich mittlerweile seit \u00fcber zwei Jahren diverse Lehramtsbotschafter-Teams in ganz Bayern f\u00fcr den Lehrberuf an verschiedenen Schularten. Am 13.3.26 fand auch am Gabriel-von-Seidl-Gymnasium ein Infovortrag unseres regionalen Lehramtsbotschafter-Teams statt, das mit Vertreterinnen und Vertretern aus Gymnasium, Realschule, Mittelschule und Berufsschule interessierten Sch\u00fclerinnen und Sch\u00fclern der Jahrgangsstufen 11 und 12 die Vorteile und Perspektiven des Lehrberufs vorstellte.<\/p>\n<p><img loading=\"lazy\" decoding=\"async\" class=\"aligncenter wp-image-3954 \" src=\"https:\/\/www.gym-toelz.de\/wp-content\/uploads\/2026\/03\/Foto2_Lehramtsinfovortrag_SJ25-26_Bit-scaled.jpg\" alt=\"\" width=\"825\" height=\"464\" srcset=\"https:\/\/www.gym-toelz.de\/wp-content\/uploads\/2026\/03\/Foto2_Lehramtsinfovortrag_SJ25-26_Bit-scaled.jpg 2560w, https:\/\/www.gym-toelz.de\/wp-content\/uploads\/2026\/03\/Foto2_Lehramtsinfovortrag_SJ25-26_Bit-300x169.jpg 300w, https:\/\/www.gym-toelz.de\/wp-content\/uploads\/2026\/03\/Foto2_Lehramtsinfovortrag_SJ25-26_Bit-1030x579.jpg 1030w, https:\/\/www.gym-toelz.de\/wp-content\/uploads\/2026\/03\/Foto2_Lehramtsinfovortrag_SJ25-26_Bit-768x432.jpg 768w, https:\/\/www.gym-toelz.de\/wp-content\/uploads\/2026\/03\/Foto2_Lehramtsinfovortrag_SJ25-26_Bit-1536x864.jpg 1536w, https:\/\/www.gym-toelz.de\/wp-content\/uploads\/2026\/03\/Foto2_Lehramtsinfovortrag_SJ25-26_Bit-2048x1152.jpg 2048w, https:\/\/www.gym-toelz.de\/wp-content\/uploads\/2026\/03\/Foto2_Lehramtsinfovortrag_SJ25-26_Bit-1500x844.jpg 1500w, https:\/\/www.gym-toelz.de\/wp-content\/uploads\/2026\/03\/Foto2_Lehramtsinfovortrag_SJ25-26_Bit-705x397.jpg 705w\" sizes=\"auto, (max-width: 825px) 100vw, 825px\" \/><\/p>\n<p>Dabei wurden die unterschiedlichen Ausrichtungen der Schularten ebenso deutlich wie Ausbildungswege und die derzeit sehr guten Jobaussichten. Den Sch\u00fclerinnen und Sch\u00fclern wird zudem durch die Lehramtsbotschafter die M\u00f6glichkeit zu Praktika angeboten. Wir hoffen, dass im Nachgang zu der sehr gut besuchten Veranstaltung auch dieses Angebot auf reges Interesse st\u00f6\u00dft und dabei unser sch\u00f6ner und zukunftstr\u00e4chtiger Beruf f\u00fcr manche noch interessanter wird.<\/p>\n","protected":false},"excerpt":{"rendered":"<p>Infovortrag der Lehramtsbotschafter f\u00fcr die Jahrgangsstufen 11 und 12 (von Anita Bittner, KBO) Im Rahmen des Projekts \u201eVor Ort\u201c engagieren sich mittlerweile seit \u00fcber zwei Jahren diverse Lehramtsbotschafter-Teams in ganz Bayern f\u00fcr den Lehrberuf an verschiedenen Schularten. Am 13.3.26 fand auch am Gabriel-von-Seidl-Gymnasium ein Infovortrag unseres regionalen Lehramtsbotschafter-Teams statt, das mit Vertreterinnen und Vertretern aus [&hellip;]<\/p>\n","protected":false},"author":3,"featured_media":3955,"comment_status":"closed","ping_status":"open","sticky":false,"template":"","format":"standard","meta":{"footnotes":""},"categories":[8,52],"tags":[],"class_list":["post-3956","post","type-post","status-publish","format-standard","has-post-thumbnail","hentry","category-aktuelles","category-berufsorientierung"],"_links":{"self":[{"href":"https:\/\/www.gym-toelz.de\/index.php\/wp-json\/wp\/v2\/posts\/3956","targetHints":{"allow":["GET"]}}],"collection":[{"href":"https:\/\/www.gym-toelz.de\/index.php\/wp-json\/wp\/v2\/posts"}],"about":[{"href":"https:\/\/www.gym-toelz.de\/index.php\/wp-json\/wp\/v2\/types\/post"}],"author":[{"embeddable":true,"href":"https:\/\/www.gym-toelz.de\/index.php\/wp-json\/wp\/v2\/users\/3"}],"replies":[{"embeddable":true,"href":"https:\/\/www.gym-toelz.de\/index.php\/wp-json\/wp\/v2\/comments?post=3956"}],"version-history":[{"count":2,"href":"https:\/\/www.gym-toelz.de\/index.php\/wp-json\/wp\/v2\/posts\/3956\/revisions"}],"predecessor-version":[{"id":3958,"href":"https:\/\/www.gym-toelz.de\/index.php\/wp-json\/wp\/v2\/posts\/3956\/revisions\/3958"}],"wp:featuredmedia":[{"embeddable":true,"href":"https:\/\/www.gym-toelz.de\/index.php\/wp-json\/wp\/v2\/media\/3955"}],"wp:attachment":[{"href":"https:\/\/www.gym-toelz.de\/index.php\/wp-json\/wp\/v2\/media?parent=3956"}],"wp:term":[{"taxonomy":"category","embeddable":true,"href":"https:\/\/www.gym-toelz.de\/index.php\/wp-json\/wp\/v2\/categories?post=3956"},{"taxonomy":"post_tag","embeddable":true,"href":"https:\/\/www.gym-toelz.de\/index.php\/wp-json\/wp\/v2\/tags?post=3956"}],"curies":[{"name":"wp","href":"https:\/\/api.w.org\/{rel}","templated":true}]}}