{"id":3842,"date":"2026-02-21T18:56:27","date_gmt":"2026-02-21T17:56:27","guid":{"rendered":"https:\/\/www.gym-toelz.de\/?p=3842"},"modified":"2026-02-21T18:56:34","modified_gmt":"2026-02-21T17:56:34","slug":"aufbaumodul-zur-beruflichen-orientierung","status":"publish","type":"post","link":"https:\/\/www.gym-toelz.de\/index.php\/2026\/02\/21\/aufbaumodul-zur-beruflichen-orientierung\/","title":{"rendered":"Aufbaumodul zur beruflichen Orientierung"},"content":{"rendered":"<p>Aufbaumodul zur beruflichen Orientierung (Q13): Bewerbungsnachmittag am 10.2.26<br \/>\nvon Anita Bittner (KBO)<\/p>\n<p>Wie l\u00e4uft ein Bewerbungsgespr\u00e4ch eigentlich genau ab? Was ist ein \u201eAssessment-Center\u201c? Welche Anforderungen an Bewerbungen haben amerikanische Firmen? Welche Rolle spielt die KI im Bewerbungsprozess? Wie verkaufe ich mich bestm\u00f6glich und trete souver\u00e4n auf?<\/p>\n<p><img loading=\"lazy\" decoding=\"async\" class=\"aligncenter wp-image-3840 \" src=\"https:\/\/www.gym-toelz.de\/wp-content\/uploads\/2026\/02\/Bewerbungstag_2026-Bit_Foto1-scaled.jpg\" alt=\"\" width=\"891\" height=\"501\" srcset=\"https:\/\/www.gym-toelz.de\/wp-content\/uploads\/2026\/02\/Bewerbungstag_2026-Bit_Foto1-scaled.jpg 2560w, https:\/\/www.gym-toelz.de\/wp-content\/uploads\/2026\/02\/Bewerbungstag_2026-Bit_Foto1-300x169.jpg 300w, https:\/\/www.gym-toelz.de\/wp-content\/uploads\/2026\/02\/Bewerbungstag_2026-Bit_Foto1-1030x579.jpg 1030w, https:\/\/www.gym-toelz.de\/wp-content\/uploads\/2026\/02\/Bewerbungstag_2026-Bit_Foto1-768x432.jpg 768w, https:\/\/www.gym-toelz.de\/wp-content\/uploads\/2026\/02\/Bewerbungstag_2026-Bit_Foto1-1536x864.jpg 1536w, https:\/\/www.gym-toelz.de\/wp-content\/uploads\/2026\/02\/Bewerbungstag_2026-Bit_Foto1-2048x1152.jpg 2048w, https:\/\/www.gym-toelz.de\/wp-content\/uploads\/2026\/02\/Bewerbungstag_2026-Bit_Foto1-1500x844.jpg 1500w, https:\/\/www.gym-toelz.de\/wp-content\/uploads\/2026\/02\/Bewerbungstag_2026-Bit_Foto1-705x397.jpg 705w\" sizes=\"auto, (max-width: 891px) 100vw, 891px\" \/><br \/>\nSolche Fragen standen im Zentrum des Bewerbungsnachmittags der Q 13, an dem in vier w\u00e4hlbaren Modulen das Thema \u201eBewerbung\u201c durch Externe aus der Praxis beleuchtet und f\u00fcr unsere Sch\u00fclerinnen und Sch\u00fcler greifbar wurde. Wir konnten zum einen drei Recruiterinnen gewinnen, die seit mehreren Jahren Bewerbungen sichten und Bewerbungsgespr\u00e4che f\u00fchren: Lisa Ertl vom Institut f\u00fcr Bauphysik des Fraunhofer Instituts sowie Miriam Klier und Angelika Bernhart von NetApp M\u00fcnchen. Herr Florian Nar von der AOK Bad T\u00f6lz pr\u00e4sentierte das Thema \u201eAssessment Center\u201c, die Theaterp\u00e4dagogin Melina Schmoll von \u201eSpiel Schau\u201c leitete einen Theater-Workshop, in dem die Sch\u00fclerinnen und Sch\u00fcler interaktiv Bewerbungs-Situationen nachspielten und ihr selbstbewusstes Auftreten trainierten.<\/p>\n<p><img loading=\"lazy\" decoding=\"async\" class=\"aligncenter wp-image-3841 \" src=\"https:\/\/www.gym-toelz.de\/wp-content\/uploads\/2026\/02\/Bewerbungstag_2026_Bit_Foto2-scaled.jpg\" alt=\"\" width=\"898\" height=\"505\" srcset=\"https:\/\/www.gym-toelz.de\/wp-content\/uploads\/2026\/02\/Bewerbungstag_2026_Bit_Foto2-scaled.jpg 2560w, https:\/\/www.gym-toelz.de\/wp-content\/uploads\/2026\/02\/Bewerbungstag_2026_Bit_Foto2-300x169.jpg 300w, https:\/\/www.gym-toelz.de\/wp-content\/uploads\/2026\/02\/Bewerbungstag_2026_Bit_Foto2-1030x579.jpg 1030w, https:\/\/www.gym-toelz.de\/wp-content\/uploads\/2026\/02\/Bewerbungstag_2026_Bit_Foto2-768x432.jpg 768w, https:\/\/www.gym-toelz.de\/wp-content\/uploads\/2026\/02\/Bewerbungstag_2026_Bit_Foto2-1536x864.jpg 1536w, https:\/\/www.gym-toelz.de\/wp-content\/uploads\/2026\/02\/Bewerbungstag_2026_Bit_Foto2-2048x1152.jpg 2048w, https:\/\/www.gym-toelz.de\/wp-content\/uploads\/2026\/02\/Bewerbungstag_2026_Bit_Foto2-1500x844.jpg 1500w, https:\/\/www.gym-toelz.de\/wp-content\/uploads\/2026\/02\/Bewerbungstag_2026_Bit_Foto2-705x397.jpg 705w\" sizes=\"auto, (max-width: 898px) 100vw, 898px\" \/><br \/>\nDas Feeback unserer Sch\u00fclerinnen und Sch\u00fcler:<br \/>\n\u201eIch bin sehr froh, das Modul bei Lisa Ertl besucht zu haben, da sie mir wesentlich die Angst vor einem Bewerbungsgespr\u00e4ch genommen hat. Sie hat mir nicht nur konkrete Werkzeuge f\u00fcr die<br \/>\nVorbereitung auf Bewerbungsgespr\u00e4che an die Hand gegeben, sondern vor allem meine innere Haltung zu diesem Thema ver\u00e4ndert. Ich gehe jetzt entspannter und neugieriger an die Sache heran und verstehe das Gespr\u00e4ch als Chance f\u00fcr beide Seiten. Dieser Perspektivwechsel ist f\u00fcr mich der gr\u00f6\u00dfte Gewinn des Tages.\u201c<br \/>\n\u201eDer Theater-Workshop hat uns spielerisch beigebracht, wie ein Bewerbungsgespr\u00e4ch nicht ablaufen und worauf man achten sollte. Wir haben sehr viel gelacht und einen sch\u00f6nen Nachmittag gehabt.\u201c<br \/>\n\u201eDer Vortrag von Miriam Klier und Angelika Berhart war spannend gestaltet und sehr interessant!\u201c<\/p>\n","protected":false},"excerpt":{"rendered":"<p>Aufbaumodul zur beruflichen Orientierung (Q13): Bewerbungsnachmittag am 10.2.26 von Anita Bittner (KBO) Wie l\u00e4uft ein Bewerbungsgespr\u00e4ch eigentlich genau ab? Was ist ein \u201eAssessment-Center\u201c? Welche Anforderungen an Bewerbungen haben amerikanische Firmen? Welche Rolle spielt die KI im Bewerbungsprozess? Wie verkaufe ich mich bestm\u00f6glich und trete souver\u00e4n auf? Solche Fragen standen im Zentrum des Bewerbungsnachmittags der Q [&hellip;]<\/p>\n","protected":false},"author":3,"featured_media":3840,"comment_status":"closed","ping_status":"open","sticky":false,"template":"","format":"standard","meta":{"footnotes":""},"categories":[8,52],"tags":[],"class_list":["post-3842","post","type-post","status-publish","format-standard","has-post-thumbnail","hentry","category-aktuelles","category-berufsorientierung"],"_links":{"self":[{"href":"https:\/\/www.gym-toelz.de\/index.php\/wp-json\/wp\/v2\/posts\/3842","targetHints":{"allow":["GET"]}}],"collection":[{"href":"https:\/\/www.gym-toelz.de\/index.php\/wp-json\/wp\/v2\/posts"}],"about":[{"href":"https:\/\/www.gym-toelz.de\/index.php\/wp-json\/wp\/v2\/types\/post"}],"author":[{"embeddable":true,"href":"https:\/\/www.gym-toelz.de\/index.php\/wp-json\/wp\/v2\/users\/3"}],"replies":[{"embeddable":true,"href":"https:\/\/www.gym-toelz.de\/index.php\/wp-json\/wp\/v2\/comments?post=3842"}],"version-history":[{"count":2,"href":"https:\/\/www.gym-toelz.de\/index.php\/wp-json\/wp\/v2\/posts\/3842\/revisions"}],"predecessor-version":[{"id":3844,"href":"https:\/\/www.gym-toelz.de\/index.php\/wp-json\/wp\/v2\/posts\/3842\/revisions\/3844"}],"wp:featuredmedia":[{"embeddable":true,"href":"https:\/\/www.gym-toelz.de\/index.php\/wp-json\/wp\/v2\/media\/3840"}],"wp:attachment":[{"href":"https:\/\/www.gym-toelz.de\/index.php\/wp-json\/wp\/v2\/media?parent=3842"}],"wp:term":[{"taxonomy":"category","embeddable":true,"href":"https:\/\/www.gym-toelz.de\/index.php\/wp-json\/wp\/v2\/categories?post=3842"},{"taxonomy":"post_tag","embeddable":true,"href":"https:\/\/www.gym-toelz.de\/index.php\/wp-json\/wp\/v2\/tags?post=3842"}],"curies":[{"name":"wp","href":"https:\/\/api.w.org\/{rel}","templated":true}]}}