{"id":3803,"date":"2026-02-13T08:49:12","date_gmt":"2026-02-13T07:49:12","guid":{"rendered":"https:\/\/www.gym-toelz.de\/?p=3803"},"modified":"2026-02-13T09:14:09","modified_gmt":"2026-02-13T08:14:09","slug":"informatik-biber-wettbewerb-2026","status":"publish","type":"post","link":"https:\/\/www.gym-toelz.de\/index.php\/2026\/02\/13\/informatik-biber-wettbewerb-2026\/","title":{"rendered":"Informatik-Biber-Wettbewerb 2026"},"content":{"rendered":"<p>Gro\u00dfartige Erfolge beim Informatik-Biber-Wettbewerb 2026<img loading=\"lazy\" decoding=\"async\" class=\"alignright wp-image-2184 \" src=\"https:\/\/www.gym-toelz.de\/wp-content\/uploads\/2025\/08\/informatikbiber-2025.png\" alt=\"\" width=\"163\" height=\"138\" \/><br \/>\nDer Informatik-Biber, Deutschlands gr\u00f6\u00dfter Sch\u00fclerwettbewerb im Bereich Informatik, hat auch in diesem Jahr wieder die Begeisterung und das Talent unserer Sch\u00fclerinnen und Sch\u00fcler unter Beweis gestellt. Mit 311 Teilnehmerinnen und Teilnehmern aus verschiedenen Jahrgangsstufen zeigte unsere Schulgemeinschaft einmal mehr ihr gro\u00dfes Interesse an logischem Denken, Probleml\u00f6sen und kreativem Umgang mit digitalen Herausforderungen.<\/p>\n<p>Besonders stolz sind wir auf die herausragenden Leistungen: 6 erste Preise, 4 zweite Preise und 44 Sch\u00fcler und Sch\u00fclerinnen die einen 3. Rang erreichen konnten. Dies belegt das hohe Niveau und den Einsatz unserer jungen Informatik-Talente. Der Wettbewerb f\u00f6rdert nicht nur das Verst\u00e4ndnis f\u00fcr informatische Konzepte, sondern auch Teamgeist und Freude am Knobeln.<\/p>\n<p>Einen ersten Preis erknobelten Korbinian Scharnagl (8b) und aus der q12 Andre Durana, Justin Eppler, Franz Faltermeier, Lukas Gilgenreiner und Luke Hemming. Mit einem zweiten Preis wurden belohnt Vitus Franz, Michael Peikert und Benedikt Scharnagl (alle 8b) sowie Veronika Gehr aus der 9c.<\/p>\n<p>Wir gratulieren allen ganz herzlich zu ihren Leistungen und danken unseren Informatik- und Mathematik-Lehrkr\u00e4ften f\u00fcr die Organisation und Durchf\u00fchrung. Der Informatik-Biber ist ein wichtiger Baustein, um die digitale Bildung und das Interesse an MINT-F\u00e4chern bei uns am Gabriel-von-Seidl-Gymnasium schon fr\u00fchzeitig zu st\u00e4rken.<\/p>\n<p>Wir freuen uns schon auf den n\u00e4chsten Wettbewerb!<\/p>\n<p>Interessiert? Mehr Informationen zum Informatik-Biber gibt es unter <a href=\"https:\/\/www.informatik-biber.de\" target=\"_blank\" rel=\"noopener\">www.informatik-biber.de<\/a>.<\/p>\n","protected":false},"excerpt":{"rendered":"<p>Gro\u00dfartige Erfolge beim Informatik-Biber-Wettbewerb 2026 Der Informatik-Biber, Deutschlands gr\u00f6\u00dfter Sch\u00fclerwettbewerb im Bereich Informatik, hat auch in diesem Jahr wieder die Begeisterung und das Talent unserer Sch\u00fclerinnen und Sch\u00fcler unter Beweis gestellt. Mit 311 Teilnehmerinnen und Teilnehmern aus verschiedenen Jahrgangsstufen zeigte unsere Schulgemeinschaft einmal mehr ihr gro\u00dfes Interesse an logischem Denken, Probleml\u00f6sen und kreativem Umgang mit [&hellip;]<\/p>\n","protected":false},"author":3,"featured_media":430,"comment_status":"closed","ping_status":"open","sticky":false,"template":"","format":"standard","meta":{"footnotes":""},"categories":[8,31],"tags":[],"class_list":["post-3803","post","type-post","status-publish","format-standard","has-post-thumbnail","hentry","category-aktuelles","category-informatik"],"_links":{"self":[{"href":"https:\/\/www.gym-toelz.de\/index.php\/wp-json\/wp\/v2\/posts\/3803","targetHints":{"allow":["GET"]}}],"collection":[{"href":"https:\/\/www.gym-toelz.de\/index.php\/wp-json\/wp\/v2\/posts"}],"about":[{"href":"https:\/\/www.gym-toelz.de\/index.php\/wp-json\/wp\/v2\/types\/post"}],"author":[{"embeddable":true,"href":"https:\/\/www.gym-toelz.de\/index.php\/wp-json\/wp\/v2\/users\/3"}],"replies":[{"embeddable":true,"href":"https:\/\/www.gym-toelz.de\/index.php\/wp-json\/wp\/v2\/comments?post=3803"}],"version-history":[{"count":3,"href":"https:\/\/www.gym-toelz.de\/index.php\/wp-json\/wp\/v2\/posts\/3803\/revisions"}],"predecessor-version":[{"id":3805,"href":"https:\/\/www.gym-toelz.de\/index.php\/wp-json\/wp\/v2\/posts\/3803\/revisions\/3805"}],"wp:featuredmedia":[{"embeddable":true,"href":"https:\/\/www.gym-toelz.de\/index.php\/wp-json\/wp\/v2\/media\/430"}],"wp:attachment":[{"href":"https:\/\/www.gym-toelz.de\/index.php\/wp-json\/wp\/v2\/media?parent=3803"}],"wp:term":[{"taxonomy":"category","embeddable":true,"href":"https:\/\/www.gym-toelz.de\/index.php\/wp-json\/wp\/v2\/categories?post=3803"},{"taxonomy":"post_tag","embeddable":true,"href":"https:\/\/www.gym-toelz.de\/index.php\/wp-json\/wp\/v2\/tags?post=3803"}],"curies":[{"name":"wp","href":"https:\/\/api.w.org\/{rel}","templated":true}]}}