{"id":380,"date":"2025-06-05T14:45:59","date_gmt":"2025-06-05T14:45:59","guid":{"rendered":"https:\/\/www.gym-toelz.de\/?p=380"},"modified":"2025-07-26T11:33:16","modified_gmt":"2025-07-26T11:33:16","slug":"wettkampferfolge-der-klettermannschaft","status":"publish","type":"post","link":"https:\/\/www.gym-toelz.de\/index.php\/2025\/06\/05\/wettkampferfolge-der-klettermannschaft\/","title":{"rendered":"Wettkampferfolge der Klettermannschaft"},"content":{"rendered":"<section  class='av_textblock_section av-mcnjtnbg-469915f65510ff52ed78aaabe8e0bb82 '   itemscope=\"itemscope\" itemtype=\"https:\/\/schema.org\/BlogPosting\" itemprop=\"blogPost\" ><div class='avia_textblock'  itemprop=\"text\" ><p><strong>Wettkampferfolge der Klettermannschaft<\/strong><\/p>\n<p>Ein starkes Jahr f\u00fcr unser Gymnasium.<br \/>\nAuch in diesem Schuljahr konnte unsere Klettermannschaft mit hervorragenden Leistungen gl\u00e4nzen. Der Auftakt der Wettkampfsaison fand im M\u00e4rz beim Regionalentscheid in der Kletterhalle in Weyarn statt. Unser Gymnasium war dort mit zwei Teams in der Wettkampfklasse II vertreten.<\/p>\n<p>In diesem Wettbewerb mussten alle Teilnehmerinnen und Teilnehmer zwei anspruchsvolle Kletterrouten im Vorstieg bew\u00e4ltigen \u2013 mit Schwierigkeitsgraden im Bereich sieben bzw. acht. Zus\u00e4tzlich galt es, eine Speedroute zu bezwingen, bei der Schnelligkeit gefragt war. Die besten Kletterzeiten lagen dabei bei beeindruckenden 12 Sekunden f\u00fcr die 15 Meter hohe, senkrechte Wand. Abgerundet wurde der Wettkampf durch vier Boulderprobleme, die nicht nur Kraft, sondern auch Technik und Taktik erforderten.<\/p>\n<p>Unsere zweite Mannschaft, mit Jana Beck (8b), Katharina Menacher (10a) und Jasper Schroeter (10c), zeigte eine solide Leistung und erreichte den guten vierten Platz. Die erste Mannschaft hingegen dominierte den Wettbewerb klar und wurde souver\u00e4n Regionalsieger. Mit einem deutlichen Vorsprung qualifizierte sich Korbinian Glei\u00dfl (8c), Georg Feile (10c), Korbinian Werth (10d), Franziska Kolbinger (10b), Marinus Egerer (8a) und Konstantin Egerer (11a) f\u00fcr das Bezirksfinale \u2013 ein gro\u00dfer Erfolg!<\/p>\n<p>Das Bezirksfinale fand im Mai in Bischofswiesen statt. Dort warteten noch anspruchsvollere Kletterrouten in denselben Disziplinen wie im Regionalentscheid. Besonders bei den Boulderproblemen zeigte sich die St\u00e4rke unseres Teams aus Bad T\u00f6lz. Viele Punkte konnten hier gesammelt werden &#8211; mit viel Kraft, Mut und taktisch klugen Ideen war unser Team hier besonders erfolgreich.<\/p>\n<p>Korbinian Glei\u00dfl stach besonders hervor, beeindruckte mit Tagesbestleistungen und war ein echter Leistungstr\u00e4ger. Gemeinsam mit seinem homogen agierenden Team mit Georg Feile, Marinus Egerer, Jana Beck und Franziska Kolbinger wurde schlie\u00dflich der hervorragende zweiten Platz im Gesamtklassement erreicht.<\/p>\n<p>Als Belohnung f\u00fcr diese Silbermedaille wurde unser Team zum Landesfinale in M\u00fcnchen eingeladen, das Ende Juni stattfindet. Dort wird um den Titel des bayerischen Meisters gek\u00e4mpft. Eines steht jedoch bereits fest: Unser Kletterteam geh\u00f6rt zu den besten acht Schulmannschaften Bayerns \u2013 ein toller Beweis f\u00fcr Engagement, Teamgeist und sportliche Spitzenleistung!<\/p>\n<p>Christian Penzholz<\/p>\n<\/div><\/section>\n","protected":false},"excerpt":{"rendered":"","protected":false},"author":3,"featured_media":1686,"comment_status":"closed","ping_status":"open","sticky":false,"template":"","format":"standard","meta":{"footnotes":""},"categories":[8,25],"tags":[13],"class_list":["post-380","post","type-post","status-publish","format-standard","has-post-thumbnail","hentry","category-aktuelles","category-sport","tag-klettern"],"_links":{"self":[{"href":"https:\/\/www.gym-toelz.de\/index.php\/wp-json\/wp\/v2\/posts\/380","targetHints":{"allow":["GET"]}}],"collection":[{"href":"https:\/\/www.gym-toelz.de\/index.php\/wp-json\/wp\/v2\/posts"}],"about":[{"href":"https:\/\/www.gym-toelz.de\/index.php\/wp-json\/wp\/v2\/types\/post"}],"author":[{"embeddable":true,"href":"https:\/\/www.gym-toelz.de\/index.php\/wp-json\/wp\/v2\/users\/3"}],"replies":[{"embeddable":true,"href":"https:\/\/www.gym-toelz.de\/index.php\/wp-json\/wp\/v2\/comments?post=380"}],"version-history":[{"count":4,"href":"https:\/\/www.gym-toelz.de\/index.php\/wp-json\/wp\/v2\/posts\/380\/revisions"}],"predecessor-version":[{"id":1910,"href":"https:\/\/www.gym-toelz.de\/index.php\/wp-json\/wp\/v2\/posts\/380\/revisions\/1910"}],"wp:featuredmedia":[{"embeddable":true,"href":"https:\/\/www.gym-toelz.de\/index.php\/wp-json\/wp\/v2\/media\/1686"}],"wp:attachment":[{"href":"https:\/\/www.gym-toelz.de\/index.php\/wp-json\/wp\/v2\/media?parent=380"}],"wp:term":[{"taxonomy":"category","embeddable":true,"href":"https:\/\/www.gym-toelz.de\/index.php\/wp-json\/wp\/v2\/categories?post=380"},{"taxonomy":"post_tag","embeddable":true,"href":"https:\/\/www.gym-toelz.de\/index.php\/wp-json\/wp\/v2\/tags?post=380"}],"curies":[{"name":"wp","href":"https:\/\/api.w.org\/{rel}","templated":true}]}}