{"id":3701,"date":"2026-02-09T08:03:42","date_gmt":"2026-02-09T07:03:42","guid":{"rendered":"https:\/\/www.gym-toelz.de\/?p=3701"},"modified":"2026-02-09T08:05:56","modified_gmt":"2026-02-09T07:05:56","slug":"kammermusikabend-2026-2","status":"publish","type":"post","link":"https:\/\/www.gym-toelz.de\/index.php\/2026\/02\/09\/kammermusikabend-2026-2\/","title":{"rendered":"Kammermusikabend 2026"},"content":{"rendered":"<p>Welch eine Freude! Rund 50 Sch\u00fclerinnen und Sch\u00fcler des Gabriel-von-Seidl-Gymnasiums gestalteten am 5. Februar 2026 einen musikalisch vielseitigen und unterhaltsamen ersten Kammermusikabend in diesem Schuljahr. Sie pr\u00e4sentierten sich mit Fl\u00f6te, Klarinette, Trompete, Harfe, Klavier, Violine, Kontrabass, Gitarre und Gesang in verschiedenen kleinen Ensembles.<\/p>\n<p><img loading=\"lazy\" decoding=\"async\" class=\"aligncenter wp-image-3700 \" src=\"https:\/\/www.gym-toelz.de\/wp-content\/uploads\/2026\/02\/Homepage-Aktuelles-erster-Kammermusikabend-Febr-2026.jpeg\" alt=\"\" width=\"529\" height=\"941\" srcset=\"https:\/\/www.gym-toelz.de\/wp-content\/uploads\/2026\/02\/Homepage-Aktuelles-erster-Kammermusikabend-Febr-2026.jpeg 899w, https:\/\/www.gym-toelz.de\/wp-content\/uploads\/2026\/02\/Homepage-Aktuelles-erster-Kammermusikabend-Febr-2026-169x300.jpeg 169w, https:\/\/www.gym-toelz.de\/wp-content\/uploads\/2026\/02\/Homepage-Aktuelles-erster-Kammermusikabend-Febr-2026-579x1030.jpeg 579w, https:\/\/www.gym-toelz.de\/wp-content\/uploads\/2026\/02\/Homepage-Aktuelles-erster-Kammermusikabend-Febr-2026-768x1366.jpeg 768w, https:\/\/www.gym-toelz.de\/wp-content\/uploads\/2026\/02\/Homepage-Aktuelles-erster-Kammermusikabend-Febr-2026-864x1536.jpeg 864w, https:\/\/www.gym-toelz.de\/wp-content\/uploads\/2026\/02\/Homepage-Aktuelles-erster-Kammermusikabend-Febr-2026-843x1500.jpeg 843w, https:\/\/www.gym-toelz.de\/wp-content\/uploads\/2026\/02\/Homepage-Aktuelles-erster-Kammermusikabend-Febr-2026-396x705.jpeg 396w\" sizes=\"auto, (max-width: 529px) 100vw, 529px\" \/><\/p>\n<p>DANKE an alle mitwirkenden Sch\u00fclerinnen und Sch\u00fcler sowie alle Lehrkr\u00e4fte des Gabriel-von-Seidl-Gymnasiums und der Sing- und Musikschule f\u00fcr ihre Vorbereitung, ihr Engagement und die sch\u00f6ne Musik!<\/p>\n","protected":false},"excerpt":{"rendered":"<p>Welch eine Freude! Rund 50 Sch\u00fclerinnen und Sch\u00fcler des Gabriel-von-Seidl-Gymnasiums gestalteten am 5. Februar 2026 einen musikalisch vielseitigen und unterhaltsamen ersten Kammermusikabend in diesem Schuljahr. Sie pr\u00e4sentierten sich mit Fl\u00f6te, Klarinette, Trompete, Harfe, Klavier, Violine, Kontrabass, Gitarre und Gesang in verschiedenen kleinen Ensembles. DANKE an alle mitwirkenden Sch\u00fclerinnen und Sch\u00fcler sowie alle Lehrkr\u00e4fte des Gabriel-von-Seidl-Gymnasiums [&hellip;]<\/p>\n","protected":false},"author":3,"featured_media":3700,"comment_status":"closed","ping_status":"open","sticky":false,"template":"","format":"standard","meta":{"footnotes":""},"categories":[8,51,24],"tags":[],"class_list":["post-3701","post","type-post","status-publish","format-standard","has-post-thumbnail","hentry","category-aktuelles","category-kultur","category-musik"],"_links":{"self":[{"href":"https:\/\/www.gym-toelz.de\/index.php\/wp-json\/wp\/v2\/posts\/3701","targetHints":{"allow":["GET"]}}],"collection":[{"href":"https:\/\/www.gym-toelz.de\/index.php\/wp-json\/wp\/v2\/posts"}],"about":[{"href":"https:\/\/www.gym-toelz.de\/index.php\/wp-json\/wp\/v2\/types\/post"}],"author":[{"embeddable":true,"href":"https:\/\/www.gym-toelz.de\/index.php\/wp-json\/wp\/v2\/users\/3"}],"replies":[{"embeddable":true,"href":"https:\/\/www.gym-toelz.de\/index.php\/wp-json\/wp\/v2\/comments?post=3701"}],"version-history":[{"count":2,"href":"https:\/\/www.gym-toelz.de\/index.php\/wp-json\/wp\/v2\/posts\/3701\/revisions"}],"predecessor-version":[{"id":3704,"href":"https:\/\/www.gym-toelz.de\/index.php\/wp-json\/wp\/v2\/posts\/3701\/revisions\/3704"}],"wp:featuredmedia":[{"embeddable":true,"href":"https:\/\/www.gym-toelz.de\/index.php\/wp-json\/wp\/v2\/media\/3700"}],"wp:attachment":[{"href":"https:\/\/www.gym-toelz.de\/index.php\/wp-json\/wp\/v2\/media?parent=3701"}],"wp:term":[{"taxonomy":"category","embeddable":true,"href":"https:\/\/www.gym-toelz.de\/index.php\/wp-json\/wp\/v2\/categories?post=3701"},{"taxonomy":"post_tag","embeddable":true,"href":"https:\/\/www.gym-toelz.de\/index.php\/wp-json\/wp\/v2\/tags?post=3701"}],"curies":[{"name":"wp","href":"https:\/\/api.w.org\/{rel}","templated":true}]}}