{"id":3688,"date":"2026-02-07T08:52:19","date_gmt":"2026-02-07T07:52:19","guid":{"rendered":"https:\/\/www.gym-toelz.de\/?p=3688"},"modified":"2026-02-07T08:53:28","modified_gmt":"2026-02-07T07:53:28","slug":"hol-dir-die-welt-ins-klassenzimmer","status":"publish","type":"post","link":"https:\/\/www.gym-toelz.de\/index.php\/2026\/02\/07\/hol-dir-die-welt-ins-klassenzimmer\/","title":{"rendered":"Hol dir die Welt ins Klassenzimmer!"},"content":{"rendered":"<p class=\"p1\">\u201eEuropa macht Schule\u201c \u2013 auch bei uns am Gabriel-von-Seidl-Gymnasium<\/p>\n<p class=\"p1\">\u201eEuropa macht Schule\u201c macht f\u00fcr Studierende und Schulklassen internationalen Austausch hautnah erfahrbar. Organisiert wird das Projekt ehrenamtlich von Studenten in Zusammenarbeit mit dem Deutschen Akademischen Austauschdienst (DAAD) und ERASMUS+. Im Rahmen dieses Projektes besuchte im Januar und Februar eine franz\u00f6sische Doktorandin zweimal das Leistungsfach Franz\u00f6sisch, um mit Sch\u00fclerinnen des Oberstufenkurses in den Dialog zu treten.<\/p>\n<p class=\"p1\">Julia Godart, die franz\u00f6sische Doktorandin, hat mitunter bereits in Paris und Montr\u00e9al studiert und gearbeitet, in Taiwan Franz\u00f6sisch unterrichtet und f\u00fcr ihre Doktorarbeit unter anderem in chinesischen Archiven recherchiert. Sie spricht Franz\u00f6sisch, Englisch, Chinesisch und auch ein wenig Portugiesisch. Momentan arbeitet, studiert und recherchiert sie in Deutschland, unterrichtet und korrigiert jedoch in Formen des Hybridunterrichts weiterhin f\u00fcr die Universit\u00e4t in Montr\u00e9al.<\/p>\n<p><img loading=\"lazy\" decoding=\"async\" class=\"aligncenter wp-image-3686 size-full\" src=\"https:\/\/www.gym-toelz.de\/wp-content\/uploads\/2026\/02\/welt-klassenzimmer-2026.png\" alt=\"\" width=\"423\" height=\"954\" srcset=\"https:\/\/www.gym-toelz.de\/wp-content\/uploads\/2026\/02\/welt-klassenzimmer-2026.png 423w, https:\/\/www.gym-toelz.de\/wp-content\/uploads\/2026\/02\/welt-klassenzimmer-2026-133x300.png 133w, https:\/\/www.gym-toelz.de\/wp-content\/uploads\/2026\/02\/welt-klassenzimmer-2026-313x705.png 313w\" sizes=\"auto, (max-width: 423px) 100vw, 423px\" \/><\/p>\n<p class=\"p1\">Ziel des Projekts \u201eEuropa macht Schule\u201c ist es, den Sch\u00fclern Einblicke in das Leben in anderen europ\u00e4ischen L\u00e4ndern zu bieten, mit Studierenden aus ganz Europa ins Gespr\u00e4ch zu kommen und Lust darauf zu machen, andere Sprachen zu lernen, vermeintliche Sprachbarrieren zu \u00fcberwinden, interkulturelle Kompetenzen zu erwerben und Neues zu entdecken.<\/p>\n<p><img loading=\"lazy\" decoding=\"async\" class=\"aligncenter wp-image-3687 size-full\" src=\"https:\/\/www.gym-toelz.de\/wp-content\/uploads\/2026\/02\/welt-klassenzimmer-2026b.png\" alt=\"\" width=\"763\" height=\"684\" srcset=\"https:\/\/www.gym-toelz.de\/wp-content\/uploads\/2026\/02\/welt-klassenzimmer-2026b.png 763w, https:\/\/www.gym-toelz.de\/wp-content\/uploads\/2026\/02\/welt-klassenzimmer-2026b-300x269.png 300w, https:\/\/www.gym-toelz.de\/wp-content\/uploads\/2026\/02\/welt-klassenzimmer-2026b-705x632.png 705w\" sizes=\"auto, (max-width: 763px) 100vw, 763px\" \/><\/p>\n<p class=\"p1\">Da einige Sch\u00fclerinnen im Leistungsfach Franz\u00f6sisch sich bereits f\u00fcr Studieng\u00e4nge \u2013 auch im Ausland \u2013 bewerben, war ein Atelier von Julia Godart ganz praktischen Fagen zur Studien- und Berufswahl gewidmet. Es ging um gro\u00dfe Universit\u00e4tsst\u00e4dte, die Unterschiede im Unterrichtsstil in verschiedenen L\u00e4ndern, um Finanzierungsm\u00f6glichkeiten f\u00fcr das Auslandsstudium, um Austauschprogramme auf Hochschulebene und um eine Reflexion der eigenen Zukunftspl\u00e4ne. Julia gab jedoch auch konkrete Tipps, wie man relativ sicher im Ausland neue Kontakte kn\u00fcpft und wer einem bei Studienbeginn im Ausland bei der Wohnungssuche unterst\u00fctzen kann. Da nur M\u00e4dchen im Leistungsfach Franz\u00f6sisch sitzen, gab Julia auch den Hinweis auf die Organisation \u201eGirl gone international \u2013 go anywhere, belong everywhere.\u201c \u2013 Julia spricht eben aus der Praxis.<\/p>\n<p class=\"p1\">In einem zweiten Atelier arbeitete Julia zum Thema ihrer Doktorarbeit, die sie im Fach Geschichte und im Fach \u201eArts et culture visuels\u201c schreibt und in der sie sich auch mit Propagandaplakaten und Fotografien von chinesischen Arbeitern w\u00e4hrend des ersten Weltkriegs auseinandersetzt. Nach einem kurzen \u00dcberblick \u00fcber die Geschichte visueller Medien von der ersten Fotografie bis zum mit KI generierten Bild und einem kurzen Einblick in die Semiotik konnten die Sch\u00fclerinnen in Kleingruppen Bildanalysen unter der Ber\u00fccksichtigung bestimmter Leitfragen durchf\u00fchren. Die Bandbreite reichte von Fotografien, Werbe- und Propagandaplakaten bis hin zur Gestaltung des Layouts von Zeitungsseiten. Dabei wurden auch Fragestellungen thematisiert, die Bestandteil einer jeden Demokratiebildung sein m\u00fcssen: Wer hat f\u00fcr wen mit welcher Absicht dieses Bild gemacht? Was wird gezeigt und wie kann dieses Bild in verschiedenen kulturellen oder historischen Kontexten gelesen oder interpretiert werden? Welcher Ausschnitt der Wirklichkeit wird gezeigt? Was bleibt \u201eunsichtbar\u201c und wird nicht gezeigt? Worin besteht, heute mehr denn je, die Aufgabe eines m\u00fcndigen B\u00fcrgers, wenn er mit Bildmaterial konfrontiert ist?<\/p>\n<p class=\"p1\">Ganz herzlich bedanke ich mich beim Regionalteam von Europa macht Schule und bei Julia Godart f\u00fcr diese bereichernde M\u00f6glichkeit der interkulturellen Begegnung.<\/p>\n<p class=\"p1\">(Alexandra Me\u00dfner)<\/p>\n","protected":false},"excerpt":{"rendered":"<p>\u201eEuropa macht Schule\u201c \u2013 auch bei uns am Gabriel-von-Seidl-Gymnasium \u201eEuropa macht Schule\u201c macht f\u00fcr Studierende und Schulklassen internationalen Austausch hautnah erfahrbar. Organisiert wird das Projekt ehrenamtlich von Studenten in Zusammenarbeit mit dem Deutschen Akademischen Austauschdienst (DAAD) und ERASMUS+. Im Rahmen dieses Projektes besuchte im Januar und Februar eine franz\u00f6sische Doktorandin zweimal das Leistungsfach Franz\u00f6sisch, um [&hellip;]<\/p>\n","protected":false},"author":3,"featured_media":3687,"comment_status":"closed","ping_status":"open","sticky":false,"template":"","format":"standard","meta":{"footnotes":""},"categories":[8,17],"tags":[],"class_list":["post-3688","post","type-post","status-publish","format-standard","has-post-thumbnail","hentry","category-aktuelles","category-franzoesisch"],"_links":{"self":[{"href":"https:\/\/www.gym-toelz.de\/index.php\/wp-json\/wp\/v2\/posts\/3688","targetHints":{"allow":["GET"]}}],"collection":[{"href":"https:\/\/www.gym-toelz.de\/index.php\/wp-json\/wp\/v2\/posts"}],"about":[{"href":"https:\/\/www.gym-toelz.de\/index.php\/wp-json\/wp\/v2\/types\/post"}],"author":[{"embeddable":true,"href":"https:\/\/www.gym-toelz.de\/index.php\/wp-json\/wp\/v2\/users\/3"}],"replies":[{"embeddable":true,"href":"https:\/\/www.gym-toelz.de\/index.php\/wp-json\/wp\/v2\/comments?post=3688"}],"version-history":[{"count":2,"href":"https:\/\/www.gym-toelz.de\/index.php\/wp-json\/wp\/v2\/posts\/3688\/revisions"}],"predecessor-version":[{"id":3831,"href":"https:\/\/www.gym-toelz.de\/index.php\/wp-json\/wp\/v2\/posts\/3688\/revisions\/3831"}],"wp:featuredmedia":[{"embeddable":true,"href":"https:\/\/www.gym-toelz.de\/index.php\/wp-json\/wp\/v2\/media\/3687"}],"wp:attachment":[{"href":"https:\/\/www.gym-toelz.de\/index.php\/wp-json\/wp\/v2\/media?parent=3688"}],"wp:term":[{"taxonomy":"category","embeddable":true,"href":"https:\/\/www.gym-toelz.de\/index.php\/wp-json\/wp\/v2\/categories?post=3688"},{"taxonomy":"post_tag","embeddable":true,"href":"https:\/\/www.gym-toelz.de\/index.php\/wp-json\/wp\/v2\/tags?post=3688"}],"curies":[{"name":"wp","href":"https:\/\/api.w.org\/{rel}","templated":true}]}}