{"id":3638,"date":"2026-01-28T16:08:51","date_gmt":"2026-01-28T15:08:51","guid":{"rendered":"https:\/\/www.gym-toelz.de\/?p=3638"},"modified":"2026-01-28T16:09:28","modified_gmt":"2026-01-28T15:09:28","slug":"tag-der-deutsch-franzoesischen-freundschaft","status":"publish","type":"post","link":"https:\/\/www.gym-toelz.de\/index.php\/2026\/01\/28\/tag-der-deutsch-franzoesischen-freundschaft\/","title":{"rendered":"Tag der deutsch-franz\u00f6sischen Freundschaft"},"content":{"rendered":"<p><strong>Tag der deutsch-franz\u00f6sischen Freundschaft am 22. Januar 2026<\/strong><br \/>\nFachschaft Franz\u00f6sisch<\/p>\n<p>Der franz\u00f6sische Pr\u00e4sident Jacques Chirac und Bundeskanzler Gerhard Schr\u00f6der initiierten 2003 anl\u00e4sslich des 40. Jahrestages der Unterzeichnung des deutsch-franz\u00f6sischen Freundschaftsvertrags 1963 den so genannten \u201eDeutsch-Franz\u00f6sischen Tag\u201c, den \u201eJourn\u00e9e franco-allemande\u201c.<\/p>\n<p><img loading=\"lazy\" decoding=\"async\" class=\"aligncenter wp-image-3634 \" src=\"https:\/\/www.gym-toelz.de\/wp-content\/uploads\/2026\/01\/DeutschFrzTagBuffet2025-scaled.jpg\" alt=\"\" width=\"837\" height=\"628\" srcset=\"https:\/\/www.gym-toelz.de\/wp-content\/uploads\/2026\/01\/DeutschFrzTagBuffet2025-scaled.jpg 2560w, https:\/\/www.gym-toelz.de\/wp-content\/uploads\/2026\/01\/DeutschFrzTagBuffet2025-300x225.jpg 300w, https:\/\/www.gym-toelz.de\/wp-content\/uploads\/2026\/01\/DeutschFrzTagBuffet2025-1030x773.jpg 1030w, https:\/\/www.gym-toelz.de\/wp-content\/uploads\/2026\/01\/DeutschFrzTagBuffet2025-768x576.jpg 768w, https:\/\/www.gym-toelz.de\/wp-content\/uploads\/2026\/01\/DeutschFrzTagBuffet2025-1536x1152.jpg 1536w, https:\/\/www.gym-toelz.de\/wp-content\/uploads\/2026\/01\/DeutschFrzTagBuffet2025-2048x1536.jpg 2048w, https:\/\/www.gym-toelz.de\/wp-content\/uploads\/2026\/01\/DeutschFrzTagBuffet2025-1500x1125.jpg 1500w, https:\/\/www.gym-toelz.de\/wp-content\/uploads\/2026\/01\/DeutschFrzTagBuffet2025-705x529.jpg 705w\" sizes=\"auto, (max-width: 837px) 100vw, 837px\" \/><\/p>\n<p>Seitdem finden an diesem Datum an deutschen und franz\u00f6sischen Schulen und Bildungseinrichtungen viele Aktivit\u00e4ten statt, die sich auf die bilateralen Beziehungen zwischen Frankreich und Deutschland, auf die Werbung f\u00fcr die Partnersprache und auf die Information \u00fcber Austausch- und Universit\u00e4tsprogramme im Partnerland beziehen. Auch am Gabriel-von-Seidl Gymnasium feiern wir die deutsch-franz\u00f6sische Freundschaft jedes Jahr ausgiebig mit dem Verkauf von Cr\u00eapes und anderen franz\u00f6sischen Spezialit\u00e4ten, mit Ausstellungen, Musik, R\u00e4tseln und vielem mehr.<\/p>\n","protected":false},"excerpt":{"rendered":"<p>Tag der deutsch-franz\u00f6sischen Freundschaft am 22. Januar 2026 Fachschaft Franz\u00f6sisch Der franz\u00f6sische Pr\u00e4sident Jacques Chirac und Bundeskanzler Gerhard Schr\u00f6der initiierten 2003 anl\u00e4sslich des 40. Jahrestages der Unterzeichnung des deutsch-franz\u00f6sischen Freundschaftsvertrags 1963 den so genannten \u201eDeutsch-Franz\u00f6sischen Tag\u201c, den \u201eJourn\u00e9e franco-allemande\u201c. Seitdem finden an diesem Datum an deutschen und franz\u00f6sischen Schulen und Bildungseinrichtungen viele Aktivit\u00e4ten statt, die [&hellip;]<\/p>\n","protected":false},"author":3,"featured_media":3634,"comment_status":"closed","ping_status":"open","sticky":false,"template":"","format":"standard","meta":{"footnotes":""},"categories":[8,17],"tags":[],"class_list":["post-3638","post","type-post","status-publish","format-standard","has-post-thumbnail","hentry","category-aktuelles","category-franzoesisch"],"_links":{"self":[{"href":"https:\/\/www.gym-toelz.de\/index.php\/wp-json\/wp\/v2\/posts\/3638","targetHints":{"allow":["GET"]}}],"collection":[{"href":"https:\/\/www.gym-toelz.de\/index.php\/wp-json\/wp\/v2\/posts"}],"about":[{"href":"https:\/\/www.gym-toelz.de\/index.php\/wp-json\/wp\/v2\/types\/post"}],"author":[{"embeddable":true,"href":"https:\/\/www.gym-toelz.de\/index.php\/wp-json\/wp\/v2\/users\/3"}],"replies":[{"embeddable":true,"href":"https:\/\/www.gym-toelz.de\/index.php\/wp-json\/wp\/v2\/comments?post=3638"}],"version-history":[{"count":2,"href":"https:\/\/www.gym-toelz.de\/index.php\/wp-json\/wp\/v2\/posts\/3638\/revisions"}],"predecessor-version":[{"id":3640,"href":"https:\/\/www.gym-toelz.de\/index.php\/wp-json\/wp\/v2\/posts\/3638\/revisions\/3640"}],"wp:featuredmedia":[{"embeddable":true,"href":"https:\/\/www.gym-toelz.de\/index.php\/wp-json\/wp\/v2\/media\/3634"}],"wp:attachment":[{"href":"https:\/\/www.gym-toelz.de\/index.php\/wp-json\/wp\/v2\/media?parent=3638"}],"wp:term":[{"taxonomy":"category","embeddable":true,"href":"https:\/\/www.gym-toelz.de\/index.php\/wp-json\/wp\/v2\/categories?post=3638"},{"taxonomy":"post_tag","embeddable":true,"href":"https:\/\/www.gym-toelz.de\/index.php\/wp-json\/wp\/v2\/tags?post=3638"}],"curies":[{"name":"wp","href":"https:\/\/api.w.org\/{rel}","templated":true}]}}