{"id":3550,"date":"2026-01-20T15:55:23","date_gmt":"2026-01-20T14:55:23","guid":{"rendered":"https:\/\/www.gym-toelz.de\/?p=3550"},"modified":"2026-02-15T18:38:17","modified_gmt":"2026-02-15T17:38:17","slug":"kammermusikabend-2026","status":"publish","type":"post","link":"https:\/\/www.gym-toelz.de\/index.php\/2026\/01\/20\/kammermusikabend-2026\/","title":{"rendered":"Kammermusikabend 2026"},"content":{"rendered":"<p>Kammermusikabend am 5. Februar 2026 \u2013 Herzliche Einladung!<\/p>\n<p><img loading=\"lazy\" decoding=\"async\" class=\"aligncenter wp-image-3551 size-full\" src=\"https:\/\/www.gym-toelz.de\/wp-content\/uploads\/2026\/01\/Februar2026Kammermusikabend.jpeg\" alt=\"\" width=\"788\" height=\"788\" srcset=\"https:\/\/www.gym-toelz.de\/wp-content\/uploads\/2026\/01\/Februar2026Kammermusikabend.jpeg 788w, https:\/\/www.gym-toelz.de\/wp-content\/uploads\/2026\/01\/Februar2026Kammermusikabend-300x300.jpeg 300w, https:\/\/www.gym-toelz.de\/wp-content\/uploads\/2026\/01\/Februar2026Kammermusikabend-80x80.jpeg 80w, https:\/\/www.gym-toelz.de\/wp-content\/uploads\/2026\/01\/Februar2026Kammermusikabend-768x768.jpeg 768w, https:\/\/www.gym-toelz.de\/wp-content\/uploads\/2026\/01\/Februar2026Kammermusikabend-36x36.jpeg 36w, https:\/\/www.gym-toelz.de\/wp-content\/uploads\/2026\/01\/Februar2026Kammermusikabend-180x180.jpeg 180w, https:\/\/www.gym-toelz.de\/wp-content\/uploads\/2026\/01\/Februar2026Kammermusikabend-705x705.jpeg 705w\" sizes=\"auto, (max-width: 788px) 100vw, 788px\" \/><br \/>\nDie Fachschaft Musik l\u00e4dt herzlich zum ersten Kammermusikabend des Schuljahres am Donnerstag, den 5. Februar 2026 ein. Rund 30 Sch\u00fclerinnen und Sch\u00fcler des Gymnasiums pr\u00e4sentieren solistische oder kammermusikalische Werke aus verschiedenen Genres und Jahrhunderten. Insbesondere f\u00fcr die Sch\u00fclerinnen und Sch\u00fcler des musischen Zweigs sowie des Leistungsfaches Musik geh\u00f6rt es zur musischen Ausbildung dazu, sich auch im Vorspiel vor Publikum zu erproben. Junge Musikerinnen und Musiker von Jahrgangsstufen 5 \u2013 12 bieten dem Publikum mit ihren Instrumental- und Gesangsbeitr\u00e4gen einen abwechslungsreichen und vielf\u00e4ltigen musikalischen Abend. Der Eintritt ist frei. Beginn 19 Uhr in der Aula des Gymnasiums.<\/p>\n","protected":false},"excerpt":{"rendered":"<p>Kammermusikabend am 5. Februar 2026 \u2013 Herzliche Einladung! Die Fachschaft Musik l\u00e4dt herzlich zum ersten Kammermusikabend des Schuljahres am Donnerstag, den 5. Februar 2026 ein. Rund 30 Sch\u00fclerinnen und Sch\u00fcler des Gymnasiums pr\u00e4sentieren solistische oder kammermusikalische Werke aus verschiedenen Genres und Jahrhunderten. Insbesondere f\u00fcr die Sch\u00fclerinnen und Sch\u00fcler des musischen Zweigs sowie des Leistungsfaches Musik [&hellip;]<\/p>\n","protected":false},"author":3,"featured_media":3551,"comment_status":"closed","ping_status":"open","sticky":false,"template":"","format":"standard","meta":{"footnotes":""},"categories":[8,24],"tags":[],"class_list":["post-3550","post","type-post","status-publish","format-standard","has-post-thumbnail","hentry","category-aktuelles","category-musik"],"_links":{"self":[{"href":"https:\/\/www.gym-toelz.de\/index.php\/wp-json\/wp\/v2\/posts\/3550","targetHints":{"allow":["GET"]}}],"collection":[{"href":"https:\/\/www.gym-toelz.de\/index.php\/wp-json\/wp\/v2\/posts"}],"about":[{"href":"https:\/\/www.gym-toelz.de\/index.php\/wp-json\/wp\/v2\/types\/post"}],"author":[{"embeddable":true,"href":"https:\/\/www.gym-toelz.de\/index.php\/wp-json\/wp\/v2\/users\/3"}],"replies":[{"embeddable":true,"href":"https:\/\/www.gym-toelz.de\/index.php\/wp-json\/wp\/v2\/comments?post=3550"}],"version-history":[{"count":2,"href":"https:\/\/www.gym-toelz.de\/index.php\/wp-json\/wp\/v2\/posts\/3550\/revisions"}],"predecessor-version":[{"id":3832,"href":"https:\/\/www.gym-toelz.de\/index.php\/wp-json\/wp\/v2\/posts\/3550\/revisions\/3832"}],"wp:featuredmedia":[{"embeddable":true,"href":"https:\/\/www.gym-toelz.de\/index.php\/wp-json\/wp\/v2\/media\/3551"}],"wp:attachment":[{"href":"https:\/\/www.gym-toelz.de\/index.php\/wp-json\/wp\/v2\/media?parent=3550"}],"wp:term":[{"taxonomy":"category","embeddable":true,"href":"https:\/\/www.gym-toelz.de\/index.php\/wp-json\/wp\/v2\/categories?post=3550"},{"taxonomy":"post_tag","embeddable":true,"href":"https:\/\/www.gym-toelz.de\/index.php\/wp-json\/wp\/v2\/tags?post=3550"}],"curies":[{"name":"wp","href":"https:\/\/api.w.org\/{rel}","templated":true}]}}