{"id":3469,"date":"2026-01-13T19:40:22","date_gmt":"2026-01-13T19:40:22","guid":{"rendered":"https:\/\/www.gym-toelz.de\/?p=3469"},"modified":"2026-01-16T09:05:03","modified_gmt":"2026-01-16T08:05:03","slug":"eindruecke-zur-ausstellung-momente-aus-burkina-faso","status":"publish","type":"post","link":"https:\/\/www.gym-toelz.de\/index.php\/2026\/01\/13\/eindruecke-zur-ausstellung-momente-aus-burkina-faso\/","title":{"rendered":"Eindr\u00fccke zur Ausstellung \u201eMomente aus Burkina Faso\u201c"},"content":{"rendered":"<p>von Anita Bittner und Julia Rau<br \/>\nDas P-Seminar \u201eMenschen in sozialen Berufen und im Ehrenamt\u201c durfte in diesem Schuljahr bei verschiedenen Exkursionen bereits einige Institutionen mit faszinierenden Menschen kennenlernen, die sich sozial engagieren und ihre T\u00e4tigkeit als echte Berufung verstehen.<\/p>\n<p><img loading=\"lazy\" decoding=\"async\" class=\"wp-image-3471 alignleft\" src=\"https:\/\/www.gym-toelz.de\/wp-content\/uploads\/2026\/01\/WalterKorn1-scaled.jpg\" alt=\"\" width=\"577\" height=\"577\" srcset=\"https:\/\/www.gym-toelz.de\/wp-content\/uploads\/2026\/01\/WalterKorn1-scaled.jpg 2560w, https:\/\/www.gym-toelz.de\/wp-content\/uploads\/2026\/01\/WalterKorn1-300x300.jpg 300w, https:\/\/www.gym-toelz.de\/wp-content\/uploads\/2026\/01\/WalterKorn1-1030x1030.jpg 1030w, https:\/\/www.gym-toelz.de\/wp-content\/uploads\/2026\/01\/WalterKorn1-80x80.jpg 80w, https:\/\/www.gym-toelz.de\/wp-content\/uploads\/2026\/01\/WalterKorn1-768x768.jpg 768w, https:\/\/www.gym-toelz.de\/wp-content\/uploads\/2026\/01\/WalterKorn1-1536x1536.jpg 1536w, https:\/\/www.gym-toelz.de\/wp-content\/uploads\/2026\/01\/WalterKorn1-2048x2048.jpg 2048w, https:\/\/www.gym-toelz.de\/wp-content\/uploads\/2026\/01\/WalterKorn1-36x36.jpg 36w, https:\/\/www.gym-toelz.de\/wp-content\/uploads\/2026\/01\/WalterKorn1-180x180.jpg 180w, https:\/\/www.gym-toelz.de\/wp-content\/uploads\/2026\/01\/WalterKorn1-1500x1500.jpg 1500w, https:\/\/www.gym-toelz.de\/wp-content\/uploads\/2026\/01\/WalterKorn1-705x705.jpg 705w\" sizes=\"auto, (max-width: 577px) 100vw, 577px\" \/><\/p>\n<p>Sie alle tragen mit vielen innovativen Ideen und menschlicher W\u00e4rme dazu bei, dass Menschen am Rande unserer Gesellschaft aufgefangen werden und ihren Platz im Leben finden. F\u00fcr das P-Seminar besteht neben dem Kennenlernen dieser sozialen Berufe im Dokumentieren ihrer Eindr\u00fccke eine wichtige Aufgabe. Hierzu z\u00e4hlt auch die Begegnung mit Walter Korn, dessen Ausstellung \u201eMomente aus Burkina Faso\u201c mit Portr\u00e4t-Aufnahmen von Menschen anl\u00e4sslich des 30-j\u00e4hrigen Bestehens unseres Burkina-Faso-Vereins den Weihnachtsbasar Anfang Dezember erg\u00e4nzte. Das Gespr\u00e4ch mit ihm wurde von einem Teilnehmer des P-Seminars, Valentin Beyrei\u00df (11d), zu einem kurzen Videobeitrag zusammengestellt, den Sie hier gerne abrufen k\u00f6nnen:<\/p>\n<p><a href=\"https:\/\/www.youtube.com\/watch?v=iBn0asp8Q7E\" target=\"_blank\" rel=\"noopener\"><img loading=\"lazy\" decoding=\"async\" class=\"alignnone size-square wp-image-3470\" src=\"https:\/\/www.gym-toelz.de\/wp-content\/uploads\/2026\/01\/Kurzlink-Video-Walter-Korn-180x180.png\" alt=\"\" width=\"180\" height=\"180\" srcset=\"https:\/\/www.gym-toelz.de\/wp-content\/uploads\/2026\/01\/Kurzlink-Video-Walter-Korn-180x180.png 180w, https:\/\/www.gym-toelz.de\/wp-content\/uploads\/2026\/01\/Kurzlink-Video-Walter-Korn-300x300.png 300w, https:\/\/www.gym-toelz.de\/wp-content\/uploads\/2026\/01\/Kurzlink-Video-Walter-Korn-80x80.png 80w, https:\/\/www.gym-toelz.de\/wp-content\/uploads\/2026\/01\/Kurzlink-Video-Walter-Korn-36x36.png 36w, https:\/\/www.gym-toelz.de\/wp-content\/uploads\/2026\/01\/Kurzlink-Video-Walter-Korn.png 512w\" sizes=\"auto, (max-width: 180px) 100vw, 180px\" \/>https:\/\/www.youtube.com\/watch?v=iBn0asp8Q7E<\/a><\/p>\n<p>Die Sch\u00fclerinnen und Sch\u00fcler des P-Seminars schildern hier ihre Eindr\u00fccke zu Walter Korn und seinen Bildern:<\/p>\n<p>Wie habt Ihr die Begegnung mit Walter Korn erlebt?<br \/>\n\u201eHerr Korn ist ein sehr inspirierender Mensch. Die Liebe und die Zeit, die er in sein Projekt \u201eNALA\u201c steckt, sind unglaublich. Er macht es, und das macht einen Unterschied &#8211; er bewegt etwas.\u00a0Und daran sollte sich jede und jeder ein Beispiel nehmen.\u201c<br \/>\n\u201eDie Begegnung mit Walter Korn habe ich als sehr offen und authentisch empfunden. Er hat ruhig und respektvoll \u00fcber seine Arbeit gesprochen und deutlich gemacht, dass ihm die Menschen vor der Kamera wichtig sind und nicht nur das Bild selbst.\u201c<\/p>\n<p>Welchen Eindruck habt Ihr von den Menschen in Burkina Faso?<br \/>\n\u201eZu sehen, wie die Menschen aus Burkina Faso so wundervoll strahlen, lachen und l\u00e4cheln, hat mich sehr ber\u00fchrt. Trotz der widrigen Umst\u00e4nde sch\u00e4tzen diese Menschen das Leben so sehr. Das zeigt uns, dass wir alle zu sch\u00e4tzen lernen sollten, was f\u00fcr ein privilegiertes Leben wir hier in Deutschland f\u00fchren.\u201c<\/p>\n<p><img loading=\"lazy\" decoding=\"async\" class=\"aligncenter wp-image-3472 \" src=\"https:\/\/www.gym-toelz.de\/wp-content\/uploads\/2026\/01\/WalterKorn2-scaled.jpg\" alt=\"\" width=\"793\" height=\"446\" srcset=\"https:\/\/www.gym-toelz.de\/wp-content\/uploads\/2026\/01\/WalterKorn2-scaled.jpg 2560w, https:\/\/www.gym-toelz.de\/wp-content\/uploads\/2026\/01\/WalterKorn2-300x169.jpg 300w, https:\/\/www.gym-toelz.de\/wp-content\/uploads\/2026\/01\/WalterKorn2-1030x579.jpg 1030w, https:\/\/www.gym-toelz.de\/wp-content\/uploads\/2026\/01\/WalterKorn2-768x432.jpg 768w, https:\/\/www.gym-toelz.de\/wp-content\/uploads\/2026\/01\/WalterKorn2-1536x864.jpg 1536w, https:\/\/www.gym-toelz.de\/wp-content\/uploads\/2026\/01\/WalterKorn2-2048x1152.jpg 2048w, https:\/\/www.gym-toelz.de\/wp-content\/uploads\/2026\/01\/WalterKorn2-1500x844.jpg 1500w, https:\/\/www.gym-toelz.de\/wp-content\/uploads\/2026\/01\/WalterKorn2-705x397.jpg 705w\" sizes=\"auto, (max-width: 793px) 100vw, 793px\" \/><br \/>\n\u201eDie Ausstellung von Walter Korn hat mir ein sehr menschliches und lebendiges Bild von Burkina Faso vermittelt. Die Fotos zeigen Menschen, die trotz schwieriger Lebensbedingungen W\u00fcrde, Zusammenhalt und Lebensfreude ausstrahlen.\u201c<br \/>\nWelches Bild hat euch besonders ber\u00fchrt und warum?<br \/>\n\u201eAm meisten hat mich das Bild mit der Sch\u00fclerin, die dank einer LED-Taschenlampe in der Dunkelheit ein Schulbuch lesen kann, beeindruckt. Das zeigt uns, dass die Sch\u00fclerinnen und Sch\u00fcler in Burkina Faso sehr dankbar sind, dass sie die M\u00f6glichkeit erhalten, sich weiterzubilden.\u201c<br \/>\n\u201eAm meisten hat mich das Bild beeindruckt, auf dem eine junge Frau abgebildet ist, die im Moment der Aufnahme erfahren hat, dass ihr HIV-Test positiv ausgefallen ist\u2026\u201c<br \/>\n\u201eBesonders ber\u00fchrt haben mich die Portr\u00e4ts, weil man in den Gesichtern sowohl Herausforderungen als auch Hoffnung erkennen konnte. Diese Fotos haben mir gezeigt, dass Burkina Faso als Land nicht nur durch Armut definiert ist, sondern vor allem durch die Menschen und ihre St\u00e4rke.\u201c<\/p>\n","protected":false},"excerpt":{"rendered":"<p>von Anita Bittner und Julia Rau Das P-Seminar \u201eMenschen in sozialen Berufen und im Ehrenamt\u201c durfte in diesem Schuljahr bei verschiedenen Exkursionen bereits einige Institutionen mit faszinierenden Menschen kennenlernen, die sich sozial engagieren und ihre T\u00e4tigkeit als echte Berufung verstehen. Sie alle tragen mit vielen innovativen Ideen und menschlicher W\u00e4rme dazu bei, dass Menschen am [&hellip;]<\/p>\n","protected":false},"author":3,"featured_media":3471,"comment_status":"closed","ping_status":"open","sticky":false,"template":"","format":"standard","meta":{"footnotes":""},"categories":[8,33],"tags":[],"class_list":["post-3469","post","type-post","status-publish","format-standard","has-post-thumbnail","hentry","category-aktuelles","category-gemeinsamafrika"],"_links":{"self":[{"href":"https:\/\/www.gym-toelz.de\/index.php\/wp-json\/wp\/v2\/posts\/3469","targetHints":{"allow":["GET"]}}],"collection":[{"href":"https:\/\/www.gym-toelz.de\/index.php\/wp-json\/wp\/v2\/posts"}],"about":[{"href":"https:\/\/www.gym-toelz.de\/index.php\/wp-json\/wp\/v2\/types\/post"}],"author":[{"embeddable":true,"href":"https:\/\/www.gym-toelz.de\/index.php\/wp-json\/wp\/v2\/users\/3"}],"replies":[{"embeddable":true,"href":"https:\/\/www.gym-toelz.de\/index.php\/wp-json\/wp\/v2\/comments?post=3469"}],"version-history":[{"count":3,"href":"https:\/\/www.gym-toelz.de\/index.php\/wp-json\/wp\/v2\/posts\/3469\/revisions"}],"predecessor-version":[{"id":3517,"href":"https:\/\/www.gym-toelz.de\/index.php\/wp-json\/wp\/v2\/posts\/3469\/revisions\/3517"}],"wp:featuredmedia":[{"embeddable":true,"href":"https:\/\/www.gym-toelz.de\/index.php\/wp-json\/wp\/v2\/media\/3471"}],"wp:attachment":[{"href":"https:\/\/www.gym-toelz.de\/index.php\/wp-json\/wp\/v2\/media?parent=3469"}],"wp:term":[{"taxonomy":"category","embeddable":true,"href":"https:\/\/www.gym-toelz.de\/index.php\/wp-json\/wp\/v2\/categories?post=3469"},{"taxonomy":"post_tag","embeddable":true,"href":"https:\/\/www.gym-toelz.de\/index.php\/wp-json\/wp\/v2\/tags?post=3469"}],"curies":[{"name":"wp","href":"https:\/\/api.w.org\/{rel}","templated":true}]}}