{"id":3456,"date":"2026-01-13T09:53:26","date_gmt":"2026-01-13T09:53:26","guid":{"rendered":"https:\/\/www.gym-toelz.de\/?p=3456"},"modified":"2026-01-13T09:55:30","modified_gmt":"2026-01-13T09:55:30","slug":"weihnachtskonzert-des-gabriel-von-seidl-gymnasiums","status":"publish","type":"post","link":"https:\/\/www.gym-toelz.de\/index.php\/2026\/01\/13\/weihnachtskonzert-des-gabriel-von-seidl-gymnasiums\/","title":{"rendered":"Weihnachtskonzert des Gabriel-von-Seidl-Gymnasiums"},"content":{"rendered":"<p>\u201eWe wish you a Merry Christmas!\u201c ert\u00f6nte es feierlich zum Weihnachtkonzert des Gabriel-von-Seidl Gymnasiums 2025. Weihnachtlich besinnliche, aber auch festliche und stimmungsvolle Kl\u00e4nge erf\u00fcllten nur wenige Tage vor den Weihnachtsferien an zwei Abenden das T\u00f6lzer Kurhaus. \u00dcber 150 mitwirkende Sch\u00fclerinnen und Sch\u00fcler bereiteten zahlreichen Zuh\u00f6rerinnen und Zuh\u00f6rern \u2013 darunter auch viele Ehemalige der Schulfamilie \u2013 einen musikalischen Vorgeschmack auf die bevorstehende \u201eStaade Zeit\u201c.<\/p>\n<p><img loading=\"lazy\" decoding=\"async\" class=\"wp-image-3455 aligncenter\" src=\"https:\/\/www.gym-toelz.de\/wp-content\/uploads\/2026\/01\/Fotocollage-Weihnachtskonzert-2025-scaled.jpg\" alt=\"\" width=\"702\" height=\"884\" srcset=\"https:\/\/www.gym-toelz.de\/wp-content\/uploads\/2026\/01\/Fotocollage-Weihnachtskonzert-2025-scaled.jpg 2032w, https:\/\/www.gym-toelz.de\/wp-content\/uploads\/2026\/01\/Fotocollage-Weihnachtskonzert-2025-238x300.jpg 238w, https:\/\/www.gym-toelz.de\/wp-content\/uploads\/2026\/01\/Fotocollage-Weihnachtskonzert-2025-818x1030.jpg 818w, https:\/\/www.gym-toelz.de\/wp-content\/uploads\/2026\/01\/Fotocollage-Weihnachtskonzert-2025-768x967.jpg 768w, https:\/\/www.gym-toelz.de\/wp-content\/uploads\/2026\/01\/Fotocollage-Weihnachtskonzert-2025-1219x1536.jpg 1219w, https:\/\/www.gym-toelz.de\/wp-content\/uploads\/2026\/01\/Fotocollage-Weihnachtskonzert-2025-1626x2048.jpg 1626w, https:\/\/www.gym-toelz.de\/wp-content\/uploads\/2026\/01\/Fotocollage-Weihnachtskonzert-2025-1191x1500.jpg 1191w, https:\/\/www.gym-toelz.de\/wp-content\/uploads\/2026\/01\/Fotocollage-Weihnachtskonzert-2025-560x705.jpg 560w\" sizes=\"auto, (max-width: 702px) 100vw, 702px\" \/><\/p>\n<p>Unter der Leitung von f\u00fcnf Musiklehrkr\u00e4ften geleiteten die unterschiedlichen Ensembles das Publikum durch verschiedene musikalische Genres und begeisterten durch klangliche Vielfalt, hohem pers\u00f6nlichen Einsatz und gro\u00dfer Freude am gemeinsamen Muszieren.<br \/>\nDie Fachschaft Musik w\u00fcnscht Ihnen allen ein frohes und musikalisches Jahr 2026!<\/p>\n","protected":false},"excerpt":{"rendered":"<p>\u201eWe wish you a Merry Christmas!\u201c ert\u00f6nte es feierlich zum Weihnachtkonzert des Gabriel-von-Seidl Gymnasiums 2025. Weihnachtlich besinnliche, aber auch festliche und stimmungsvolle Kl\u00e4nge erf\u00fcllten nur wenige Tage vor den Weihnachtsferien an zwei Abenden das T\u00f6lzer Kurhaus. \u00dcber 150 mitwirkende Sch\u00fclerinnen und Sch\u00fcler bereiteten zahlreichen Zuh\u00f6rerinnen und Zuh\u00f6rern \u2013 darunter auch viele Ehemalige der Schulfamilie \u2013 [&hellip;]<\/p>\n","protected":false},"author":3,"featured_media":3455,"comment_status":"closed","ping_status":"open","sticky":false,"template":"","format":"standard","meta":{"footnotes":""},"categories":[8,24],"tags":[],"class_list":["post-3456","post","type-post","status-publish","format-standard","has-post-thumbnail","hentry","category-aktuelles","category-musik"],"_links":{"self":[{"href":"https:\/\/www.gym-toelz.de\/index.php\/wp-json\/wp\/v2\/posts\/3456","targetHints":{"allow":["GET"]}}],"collection":[{"href":"https:\/\/www.gym-toelz.de\/index.php\/wp-json\/wp\/v2\/posts"}],"about":[{"href":"https:\/\/www.gym-toelz.de\/index.php\/wp-json\/wp\/v2\/types\/post"}],"author":[{"embeddable":true,"href":"https:\/\/www.gym-toelz.de\/index.php\/wp-json\/wp\/v2\/users\/3"}],"replies":[{"embeddable":true,"href":"https:\/\/www.gym-toelz.de\/index.php\/wp-json\/wp\/v2\/comments?post=3456"}],"version-history":[{"count":2,"href":"https:\/\/www.gym-toelz.de\/index.php\/wp-json\/wp\/v2\/posts\/3456\/revisions"}],"predecessor-version":[{"id":3458,"href":"https:\/\/www.gym-toelz.de\/index.php\/wp-json\/wp\/v2\/posts\/3456\/revisions\/3458"}],"wp:featuredmedia":[{"embeddable":true,"href":"https:\/\/www.gym-toelz.de\/index.php\/wp-json\/wp\/v2\/media\/3455"}],"wp:attachment":[{"href":"https:\/\/www.gym-toelz.de\/index.php\/wp-json\/wp\/v2\/media?parent=3456"}],"wp:term":[{"taxonomy":"category","embeddable":true,"href":"https:\/\/www.gym-toelz.de\/index.php\/wp-json\/wp\/v2\/categories?post=3456"},{"taxonomy":"post_tag","embeddable":true,"href":"https:\/\/www.gym-toelz.de\/index.php\/wp-json\/wp\/v2\/tags?post=3456"}],"curies":[{"name":"wp","href":"https:\/\/api.w.org\/{rel}","templated":true}]}}