{"id":3434,"date":"2026-01-08T17:09:29","date_gmt":"2026-01-08T17:09:29","guid":{"rendered":"https:\/\/www.gym-toelz.de\/?p=3434"},"modified":"2026-01-08T17:10:05","modified_gmt":"2026-01-08T17:10:05","slug":"besuch-der-bayerischen-staatskanzlei","status":"publish","type":"post","link":"https:\/\/www.gym-toelz.de\/index.php\/2026\/01\/08\/besuch-der-bayerischen-staatskanzlei\/","title":{"rendered":"Besuch der bayerischen Staatskanzlei"},"content":{"rendered":"<p>Am 4. Dezember 2025 durfte die Klasse 10a des Gabriel-von-Seidl-Gymnasiums, zusammen mit unseren Lehrern Herr Aschauer und Herr K\u00f6pf, die bayerische Staatskanzlei in M\u00fcnchen besuchen. Um 8.00 Uhr startete unsere Exkursion am T\u00f6lzer Bahnhof, von wo aus wir mit den \u00f6ffentlichen Verkehrsmitteln nach M\u00fcnchen fuhren.<\/p>\n<p><img loading=\"lazy\" decoding=\"async\" class=\"wp-image-3432 aligncenter\" src=\"https:\/\/www.gym-toelz.de\/wp-content\/uploads\/2026\/01\/Staatskanzlei_10a_2025_1-scaled.jpg\" alt=\"\" width=\"761\" height=\"571\" srcset=\"https:\/\/www.gym-toelz.de\/wp-content\/uploads\/2026\/01\/Staatskanzlei_10a_2025_1-scaled.jpg 2560w, https:\/\/www.gym-toelz.de\/wp-content\/uploads\/2026\/01\/Staatskanzlei_10a_2025_1-300x225.jpg 300w, https:\/\/www.gym-toelz.de\/wp-content\/uploads\/2026\/01\/Staatskanzlei_10a_2025_1-1030x773.jpg 1030w, https:\/\/www.gym-toelz.de\/wp-content\/uploads\/2026\/01\/Staatskanzlei_10a_2025_1-768x576.jpg 768w, https:\/\/www.gym-toelz.de\/wp-content\/uploads\/2026\/01\/Staatskanzlei_10a_2025_1-1536x1152.jpg 1536w, https:\/\/www.gym-toelz.de\/wp-content\/uploads\/2026\/01\/Staatskanzlei_10a_2025_1-2048x1536.jpg 2048w, https:\/\/www.gym-toelz.de\/wp-content\/uploads\/2026\/01\/Staatskanzlei_10a_2025_1-1500x1125.jpg 1500w, https:\/\/www.gym-toelz.de\/wp-content\/uploads\/2026\/01\/Staatskanzlei_10a_2025_1-705x529.jpg 705w\" sizes=\"auto, (max-width: 761px) 100vw, 761px\" \/><br \/>\nAn der Staatskanzlei angekommen, erfuhren wir, dass wir den Tag im wundersch\u00f6nen Prinz-Carl-Palais verbringen w\u00fcrden, wo wir ein kleines Fr\u00fchst\u00fcck erhielten und im Anschluss spannende und informative Vortr\u00e4ge zur \u00d6ffentlichkeitsarbeit und der Pressearbeit der Staatskanzlei, der Europapolitik des Freistaates Bayern und zur Filmpolitik, insbesondere mit Bezug auf Social Media und die bayerischen Filmpreise, zu h\u00f6ren bekamen. Anschlie\u00dfend durften wir ein Mittagessen in der Kantine der Staatskanzlei genie\u00dfen.<\/p>\n<p><img loading=\"lazy\" decoding=\"async\" class=\"aligncenter wp-image-3433 \" src=\"https:\/\/www.gym-toelz.de\/wp-content\/uploads\/2026\/01\/Staatskanzlei_10a_2025_2-scaled.jpg\" alt=\"\" width=\"703\" height=\"937\" srcset=\"https:\/\/www.gym-toelz.de\/wp-content\/uploads\/2026\/01\/Staatskanzlei_10a_2025_2-scaled.jpg 1920w, https:\/\/www.gym-toelz.de\/wp-content\/uploads\/2026\/01\/Staatskanzlei_10a_2025_2-225x300.jpg 225w, https:\/\/www.gym-toelz.de\/wp-content\/uploads\/2026\/01\/Staatskanzlei_10a_2025_2-773x1030.jpg 773w, https:\/\/www.gym-toelz.de\/wp-content\/uploads\/2026\/01\/Staatskanzlei_10a_2025_2-768x1024.jpg 768w, https:\/\/www.gym-toelz.de\/wp-content\/uploads\/2026\/01\/Staatskanzlei_10a_2025_2-1152x1536.jpg 1152w, https:\/\/www.gym-toelz.de\/wp-content\/uploads\/2026\/01\/Staatskanzlei_10a_2025_2-1536x2048.jpg 1536w, https:\/\/www.gym-toelz.de\/wp-content\/uploads\/2026\/01\/Staatskanzlei_10a_2025_2-1125x1500.jpg 1125w, https:\/\/www.gym-toelz.de\/wp-content\/uploads\/2026\/01\/Staatskanzlei_10a_2025_2-529x705.jpg 529w\" sizes=\"auto, (max-width: 703px) 100vw, 703px\" \/><br \/>\nDanach erhielten wir einen kleinen Einblick in das Hauptgeb\u00e4ude der Staatskanzlei und durften bei einer F\u00fchrung die Orangerie mit Blick auf den winterlichen Hofgarten, den Kuppelsaal und den Sitzungssaal des bayerischen Kabinetts besichtigen.<br \/>\nZum Abschluss dieses lehrreichen und gelungenen Tages wurden in einem Quiz noch unser Wissen und die neu gewonnenen Erkenntnisse auf die Probe gestellt.<\/p>\n<p>(Laura Weindauer 10a)<\/p>\n","protected":false},"excerpt":{"rendered":"<p>Am 4. Dezember 2025 durfte die Klasse 10a des Gabriel-von-Seidl-Gymnasiums, zusammen mit unseren Lehrern Herr Aschauer und Herr K\u00f6pf, die bayerische Staatskanzlei in M\u00fcnchen besuchen. Um 8.00 Uhr startete unsere Exkursion am T\u00f6lzer Bahnhof, von wo aus wir mit den \u00f6ffentlichen Verkehrsmitteln nach M\u00fcnchen fuhren. An der Staatskanzlei angekommen, erfuhren wir, dass wir den Tag [&hellip;]<\/p>\n","protected":false},"author":3,"featured_media":3433,"comment_status":"closed","ping_status":"open","sticky":false,"template":"","format":"standard","meta":{"footnotes":""},"categories":[8,48],"tags":[],"class_list":["post-3434","post","type-post","status-publish","format-standard","has-post-thumbnail","hentry","category-aktuelles","category-pug"],"_links":{"self":[{"href":"https:\/\/www.gym-toelz.de\/index.php\/wp-json\/wp\/v2\/posts\/3434","targetHints":{"allow":["GET"]}}],"collection":[{"href":"https:\/\/www.gym-toelz.de\/index.php\/wp-json\/wp\/v2\/posts"}],"about":[{"href":"https:\/\/www.gym-toelz.de\/index.php\/wp-json\/wp\/v2\/types\/post"}],"author":[{"embeddable":true,"href":"https:\/\/www.gym-toelz.de\/index.php\/wp-json\/wp\/v2\/users\/3"}],"replies":[{"embeddable":true,"href":"https:\/\/www.gym-toelz.de\/index.php\/wp-json\/wp\/v2\/comments?post=3434"}],"version-history":[{"count":2,"href":"https:\/\/www.gym-toelz.de\/index.php\/wp-json\/wp\/v2\/posts\/3434\/revisions"}],"predecessor-version":[{"id":3437,"href":"https:\/\/www.gym-toelz.de\/index.php\/wp-json\/wp\/v2\/posts\/3434\/revisions\/3437"}],"wp:featuredmedia":[{"embeddable":true,"href":"https:\/\/www.gym-toelz.de\/index.php\/wp-json\/wp\/v2\/media\/3433"}],"wp:attachment":[{"href":"https:\/\/www.gym-toelz.de\/index.php\/wp-json\/wp\/v2\/media?parent=3434"}],"wp:term":[{"taxonomy":"category","embeddable":true,"href":"https:\/\/www.gym-toelz.de\/index.php\/wp-json\/wp\/v2\/categories?post=3434"},{"taxonomy":"post_tag","embeddable":true,"href":"https:\/\/www.gym-toelz.de\/index.php\/wp-json\/wp\/v2\/tags?post=3434"}],"curies":[{"name":"wp","href":"https:\/\/api.w.org\/{rel}","templated":true}]}}