{"id":3179,"date":"2025-12-08T09:19:24","date_gmt":"2025-12-08T09:19:24","guid":{"rendered":"https:\/\/www.gym-toelz.de\/?p=3179"},"modified":"2025-12-08T09:19:24","modified_gmt":"2025-12-08T09:19:24","slug":"abschlussveranstaltung-der-europaeische-janusz-korczak-akademie-e-v","status":"publish","type":"post","link":"https:\/\/www.gym-toelz.de\/index.php\/2025\/12\/08\/abschlussveranstaltung-der-europaeische-janusz-korczak-akademie-e-v\/","title":{"rendered":"Abschlussveranstaltung der Europ\u00e4ische Janusz Korczak Akademie e.V."},"content":{"rendered":"<p>\u201eErinnerung leben \u2013 Zivilcourage zeigen\u201c am 2. Dezember im Bayerischen Staatsministerium f\u00fcr Familie, Arbeit und Soziales<br \/>\n<em>Von Katharina Schambeck<\/em><br \/>\nDiese Veranstaltung blickte auf die Ergebnisse der Reihe zur\u00fcck, bot Raum f\u00fcr Begegnung und Austausch und setzte ein gemeinsames Zeichen f\u00fcr die Zukunft einer aktiven Erinnerungskultur.<br \/>\nIm Rahmen der ganzj\u00e4hrigen EJKA-Veranstaltungsreihe \u201eErinnerung leben \u2013 Zivilcourage zeigen\u201c wurde der Film \u201eIrena\u2018s Vow\u201c gezeigt. Im Mittelpunkt steht eine Polin, die mehrere J\u00fcdinnen und Juden versteckt und somit vor dem Holocaust gerettet hatte. Der Film zeigt, wie wichtig Zivilcourage ist, und wie viel ein einziger Mensch bewirken kann. Mit dem Film sollen vor allem Jugendliche f\u00fcr Geschichte und Erinnerungsarbeit sensibilisiert werden. In der Abschlussveranstaltung wurde auch diskutiert, wie die Erinnerungsarbeit der Zukunft aussieht \u2013 wie Jugendliche erreicht werden k\u00f6nnen, auch wenn es keine Zeitzeuginnen und Zeitzeugen mehr gibt.<br \/>\nDas Programm begann mit einem Gru\u00dfwort der Staatsministerin Ulrike Scharf, sie betonte u.a.:<br \/>\n\u201eWir halten Auschwitz im Bewusstsein \u2013 um der Opfer willen, um unserer Verantwortung willen. Die Vergangenheit mahnt uns, zu welchem Unrecht der Mensch f\u00e4hig ist. Das Leid, das den Menschen in Auschwitz und anderen Konzentrationslagern angetan wurde, trifft uns mitten ins Herz. Umso wichtiger ist das Gedenken. Erinnern hei\u00dft begreifen, was war, was ist, was werden kann.\u201c<br \/>\nDie Pr\u00e4sidentin der EJKA, Eva Haller, erkl\u00e4rte im Anschluss: \u201eDas Projekt \u00b4Erinnerung leben \u2013 Zivilcourage zeigen\u2018 hat uns viele Facetten der erlebten Geschichte gezeigt. Besonders wichtig waren die Begegnungen und die Gespr\u00e4che zwischen den Generationen. Die Fackel der Erinnerung wird weitergetragen als Mahnung, Auftrag und Hoffnung.\u201c<br \/>\nEs folgten Beitr\u00e4ge der Kooperationspartner, wie z. B. des BLLV, Vertreter von Volkshochschulen, und die Tanzvorstellung einer ukrainischen Sch\u00fclergruppe. Katharina Schambeck und Fidel Schwichtenberg (Q13), als Vertreter des Gabriel-von-Seidl-Gymnasiums, blickten in ihrem Redebeitrag zun\u00e4chst auf den Besuch von Roman Haller im letzten Jahr zur\u00fcck. Sowohl der Film \u201eIrena\u2018s Vow\u201c als auch das Gespr\u00e4ch mit Herrn Haller hatte unsere Sch\u00fclerschaft sehr beeindruckt.<\/p>\n<p><img loading=\"lazy\" decoding=\"async\" class=\"wp-image-3178  aligncenter\" src=\"https:\/\/www.gym-toelz.de\/wp-content\/uploads\/2025\/12\/bericht-geschichte-25-fidel.png\" alt=\"\" width=\"503\" height=\"182\" srcset=\"https:\/\/www.gym-toelz.de\/wp-content\/uploads\/2025\/12\/bericht-geschichte-25-fidel.png 362w, https:\/\/www.gym-toelz.de\/wp-content\/uploads\/2025\/12\/bericht-geschichte-25-fidel-300x109.png 300w\" sizes=\"auto, (max-width: 503px) 100vw, 503px\" \/><\/p>\n<p>Im Weiteren gaben sie einen \u00dcberblick \u00fcber die so nachhaltigen Veranstaltungen an unserem Gymnasium, wie u.a. den Besuch von Professor Wolfssohn, das Zeitzeugengespr\u00e4ch mit Abba Naor mit dem anschlie\u00dfenden Schweigemarsch anl\u00e4sslich der Erinnerung an den Todesmarsch in Bad T\u00f6lz 1945, um schlussendlich auf das zukunftsweisende Pflanzen des Korbinian Aigner Apfelbaumes in unserem Schulhof zu verweisen.<\/p>\n<p><img loading=\"lazy\" decoding=\"async\" class=\"wp-image-3177  aligncenter\" src=\"https:\/\/www.gym-toelz.de\/wp-content\/uploads\/2025\/12\/bericht-geschichte-25a.png\" alt=\"\" width=\"581\" height=\"164\" srcset=\"https:\/\/www.gym-toelz.de\/wp-content\/uploads\/2025\/12\/bericht-geschichte-25a.png 1199w, https:\/\/www.gym-toelz.de\/wp-content\/uploads\/2025\/12\/bericht-geschichte-25a-300x85.png 300w, https:\/\/www.gym-toelz.de\/wp-content\/uploads\/2025\/12\/bericht-geschichte-25a-1030x290.png 1030w, https:\/\/www.gym-toelz.de\/wp-content\/uploads\/2025\/12\/bericht-geschichte-25a-768x217.png 768w, https:\/\/www.gym-toelz.de\/wp-content\/uploads\/2025\/12\/bericht-geschichte-25a-705x199.png 705w\" sizes=\"auto, (max-width: 581px) 100vw, 581px\" \/><\/p>\n","protected":false},"excerpt":{"rendered":"<p>\u201eErinnerung leben \u2013 Zivilcourage zeigen\u201c am 2. Dezember im Bayerischen Staatsministerium f\u00fcr Familie, Arbeit und Soziales Von Katharina Schambeck Diese Veranstaltung blickte auf die Ergebnisse der Reihe zur\u00fcck, bot Raum f\u00fcr Begegnung und Austausch und setzte ein gemeinsames Zeichen f\u00fcr die Zukunft einer aktiven Erinnerungskultur. Im Rahmen der ganzj\u00e4hrigen EJKA-Veranstaltungsreihe \u201eErinnerung leben \u2013 Zivilcourage zeigen\u201c [&hellip;]<\/p>\n","protected":false},"author":3,"featured_media":3176,"comment_status":"closed","ping_status":"open","sticky":false,"template":"","format":"standard","meta":{"footnotes":""},"categories":[8,21,51],"tags":[],"class_list":["post-3179","post","type-post","status-publish","format-standard","has-post-thumbnail","hentry","category-aktuelles","category-geschichte-sozialkunde","category-kultur"],"_links":{"self":[{"href":"https:\/\/www.gym-toelz.de\/index.php\/wp-json\/wp\/v2\/posts\/3179","targetHints":{"allow":["GET"]}}],"collection":[{"href":"https:\/\/www.gym-toelz.de\/index.php\/wp-json\/wp\/v2\/posts"}],"about":[{"href":"https:\/\/www.gym-toelz.de\/index.php\/wp-json\/wp\/v2\/types\/post"}],"author":[{"embeddable":true,"href":"https:\/\/www.gym-toelz.de\/index.php\/wp-json\/wp\/v2\/users\/3"}],"replies":[{"embeddable":true,"href":"https:\/\/www.gym-toelz.de\/index.php\/wp-json\/wp\/v2\/comments?post=3179"}],"version-history":[{"count":2,"href":"https:\/\/www.gym-toelz.de\/index.php\/wp-json\/wp\/v2\/posts\/3179\/revisions"}],"predecessor-version":[{"id":3181,"href":"https:\/\/www.gym-toelz.de\/index.php\/wp-json\/wp\/v2\/posts\/3179\/revisions\/3181"}],"wp:featuredmedia":[{"embeddable":true,"href":"https:\/\/www.gym-toelz.de\/index.php\/wp-json\/wp\/v2\/media\/3176"}],"wp:attachment":[{"href":"https:\/\/www.gym-toelz.de\/index.php\/wp-json\/wp\/v2\/media?parent=3179"}],"wp:term":[{"taxonomy":"category","embeddable":true,"href":"https:\/\/www.gym-toelz.de\/index.php\/wp-json\/wp\/v2\/categories?post=3179"},{"taxonomy":"post_tag","embeddable":true,"href":"https:\/\/www.gym-toelz.de\/index.php\/wp-json\/wp\/v2\/tags?post=3179"}],"curies":[{"name":"wp","href":"https:\/\/api.w.org\/{rel}","templated":true}]}}