{"id":3148,"date":"2025-12-06T09:15:53","date_gmt":"2025-12-06T09:15:53","guid":{"rendered":"https:\/\/www.gym-toelz.de\/?p=3148"},"modified":"2025-12-06T09:29:13","modified_gmt":"2025-12-06T09:29:13","slug":"weihnachtsbasar-am-29-11-2025","status":"publish","type":"post","link":"https:\/\/www.gym-toelz.de\/index.php\/2025\/12\/06\/weihnachtsbasar-am-29-11-2025\/","title":{"rendered":"Weihnachtsbasar am 29.11.2025"},"content":{"rendered":"<section  class='av_textblock_section av-miu2yj18-3c66561ad5b583a516798d965231d055 '   itemscope=\"itemscope\" itemtype=\"https:\/\/schema.org\/BlogPosting\" itemprop=\"blogPost\" ><div class='avia_textblock'  itemprop=\"text\" ><p><strong>Weihnachtsbasar am 29.11.2025<\/strong><\/p>\n<p><em>von Markus Zimmermann<\/em><br \/>\nSchon am Vormittag herrschte in der Aula gesch\u00e4ftiges Gewusel: \u00dcberall wurden Verkaufsst\u00e4nde dekoriert, aus der Waffel- und Cr\u00eapes-Ecke str\u00f6mte verf\u00fchrerischer Duft und das Buffet f\u00fcllte sich zusehends mit K\u00f6stlichkeiten. Nach und nach kamen immer mehr Besucherinnen und Besucher, gespannt auf die Er\u00f6ffnung unseres besonderen Weihnachtsbasars \u2013 diesmal anl\u00e4sslich des 30-j\u00e4hrigen Bestehens unseres Vereins \u201eGemeinsam f\u00fcr Afrika \u2013 eine Schule hilft Sch\u00fclern in Burkina Faso\u201c.<\/p>\n<\/div><\/section>\n<div  class='avia-slideshow av-miu3022i-dabc16cbf052a54d0dce77d83bc38ec9 avia-slideshow-featured av_slideshow avia-slide-slider  avia-builder-el-1  el_after_av_textblock  el_before_av_textblock  av-slideshow-ui av-control-default av-slideshow-manual av-loop-once av-loop-manual-endless av-default-height-applied avia-slideshow-1' data-slideshow-options=\"{&quot;animation&quot;:&quot;slide&quot;,&quot;autoplay&quot;:false,&quot;loop_autoplay&quot;:&quot;once&quot;,&quot;interval&quot;:5,&quot;loop_manual&quot;:&quot;manual-endless&quot;,&quot;autoplay_stopper&quot;:false,&quot;noNavigation&quot;:false,&quot;bg_slider&quot;:false,&quot;keep_padding&quot;:false,&quot;hoverpause&quot;:false,&quot;show_slide_delay&quot;:0}\"  itemprop=\"image\" itemscope=\"itemscope\" itemtype=\"https:\/\/schema.org\/ImageObject\" ><ul class='avia-slideshow-inner ' style='padding-bottom: 28.666666666667%;'><li  class='avia-slideshow-slide av-miu3022i-dabc16cbf052a54d0dce77d83bc38ec9__0  slide-1 slide-odd'><div data-rel='slideshow-1' class='avia-slide-wrap '   ><img decoding=\"async\" fetchpriority=\"high\" class=\"wp-image-3147 avia-img-lazy-loading-not-3147\"  src=\"https:\/\/www.gym-toelz.de\/wp-content\/uploads\/2025\/12\/JT5A9063_Weihnachtsbasar_Burkina_Faso_20251129-1500x430.jpg\" width=\"1500\" height=\"430\" title='JT5A9063_Weihnachtsbasar_Burkina_Faso_20251129' alt=''  itemprop=\"thumbnailUrl\"   \/><\/div><\/li><li  class='avia-slideshow-slide av-miu3022i-dabc16cbf052a54d0dce77d83bc38ec9__1  slide-2 slide-even'><div data-rel='slideshow-1' class='avia-slide-wrap '   ><img decoding=\"async\" fetchpriority=\"high\" class=\"wp-image-3146 avia-img-lazy-loading-not-3146\"  src=\"https:\/\/www.gym-toelz.de\/wp-content\/uploads\/2025\/12\/JT5A9050_Weihnachtsbasar_Burkina_Faso_20251129-1500x430.jpg\" width=\"1500\" height=\"430\" title='JT5A9050_Weihnachtsbasar_Burkina_Faso_20251129' alt=''  itemprop=\"thumbnailUrl\"   \/><\/div><\/li><li  class='avia-slideshow-slide av-miu3022i-dabc16cbf052a54d0dce77d83bc38ec9__2  slide-3 slide-odd'><div data-rel='slideshow-1' class='avia-slide-wrap '   ><img decoding=\"async\" fetchpriority=\"high\" class=\"wp-image-3145 avia-img-lazy-loading-not-3145\"  src=\"https:\/\/www.gym-toelz.de\/wp-content\/uploads\/2025\/12\/JT5A9042_Weihnachtsbasar_Burkina_Faso_20251129-1500x430.jpg\" width=\"1500\" height=\"430\" title='JT5A9042_Weihnachtsbasar_Burkina_Faso_20251129' alt=''  itemprop=\"thumbnailUrl\"   \/><\/div><\/li><li  class='avia-slideshow-slide av-miu3022i-dabc16cbf052a54d0dce77d83bc38ec9__3  slide-4 slide-even'><div data-rel='slideshow-1' class='avia-slide-wrap '   ><img decoding=\"async\" fetchpriority=\"high\" class=\"wp-image-3144 avia-img-lazy-loading-not-3144\"  src=\"https:\/\/www.gym-toelz.de\/wp-content\/uploads\/2025\/12\/JT5A9029_Weihnachtsbasar_Burkina_Faso_20251129-1500x430.jpg\" width=\"1500\" height=\"430\" title='JT5A9029_Weihnachtsbasar_Burkina_Faso_20251129' alt=''  itemprop=\"thumbnailUrl\"   \/><\/div><\/li><li  class='avia-slideshow-slide av-miu3022i-dabc16cbf052a54d0dce77d83bc38ec9__4  slide-5 slide-odd'><div data-rel='slideshow-1' class='avia-slide-wrap '   ><img decoding=\"async\" fetchpriority=\"high\" class=\"wp-image-3143 avia-img-lazy-loading-not-3143\"  src=\"https:\/\/www.gym-toelz.de\/wp-content\/uploads\/2025\/12\/JT5A9016_Weihnachtsbasar_Burkina_Faso_20251129-1500x430.jpg\" width=\"1500\" height=\"430\" title='JT5A9016_Weihnachtsbasar_Burkina_Faso_20251129' alt=''  itemprop=\"thumbnailUrl\"   \/><\/div><\/li><li  class='avia-slideshow-slide av-miu3022i-dabc16cbf052a54d0dce77d83bc38ec9__5  slide-6 slide-even'><div data-rel='slideshow-1' class='avia-slide-wrap '   ><img decoding=\"async\" fetchpriority=\"high\" class=\"wp-image-3142 avia-img-lazy-loading-not-3142\"  src=\"https:\/\/www.gym-toelz.de\/wp-content\/uploads\/2025\/12\/JT5A9007_Weihnachtsbasar_Burkina_Faso_20251129-1500x430.jpg\" width=\"1500\" height=\"430\" title='JT5A9007_Weihnachtsbasar_Burkina_Faso_20251129' alt=''  itemprop=\"thumbnailUrl\"   \/><\/div><\/li><li  class='avia-slideshow-slide av-miu3022i-dabc16cbf052a54d0dce77d83bc38ec9__6  slide-7 slide-odd'><div data-rel='slideshow-1' class='avia-slide-wrap '   ><img decoding=\"async\" fetchpriority=\"high\" class=\"wp-image-3141 avia-img-lazy-loading-not-3141\"  src=\"https:\/\/www.gym-toelz.de\/wp-content\/uploads\/2025\/12\/JT5A8992_Weihnachtsbasar_Burkina_Faso_20251129-1500x430.jpg\" width=\"1500\" height=\"430\" title='JT5A8992_Weihnachtsbasar_Burkina_Faso_20251129' alt=''  itemprop=\"thumbnailUrl\"   \/><\/div><\/li><li  class='avia-slideshow-slide av-miu3022i-dabc16cbf052a54d0dce77d83bc38ec9__7  slide-8 slide-even'><div data-rel='slideshow-1' class='avia-slide-wrap '   ><img decoding=\"async\" fetchpriority=\"high\" class=\"wp-image-3140 avia-img-lazy-loading-not-3140\"  src=\"https:\/\/www.gym-toelz.de\/wp-content\/uploads\/2025\/12\/JT5A8986_Weihnachtsbasar_Burkina_Faso_20251129-1500x430.jpg\" width=\"1500\" height=\"430\" title='JT5A8986_Weihnachtsbasar_Burkina_Faso_20251129' alt=''  itemprop=\"thumbnailUrl\"   \/><\/div><\/li><li  class='avia-slideshow-slide av-miu3022i-dabc16cbf052a54d0dce77d83bc38ec9__8  slide-9 slide-odd'><div data-rel='slideshow-1' class='avia-slide-wrap '   ><img decoding=\"async\" fetchpriority=\"high\" class=\"wp-image-3139 avia-img-lazy-loading-not-3139\"  src=\"https:\/\/www.gym-toelz.de\/wp-content\/uploads\/2025\/12\/JT5A8967_Weihnachtsbasar_Burkina_Faso_20251129-1500x430.jpg\" width=\"1500\" height=\"430\" title='JT5A8967_Weihnachtsbasar_Burkina_Faso_20251129' alt=''  itemprop=\"thumbnailUrl\"   \/><\/div><\/li><li  class='avia-slideshow-slide av-miu3022i-dabc16cbf052a54d0dce77d83bc38ec9__9  slide-10 slide-even'><div data-rel='slideshow-1' class='avia-slide-wrap '   ><img decoding=\"async\" fetchpriority=\"high\" class=\"wp-image-3138 avia-img-lazy-loading-not-3138\"  src=\"https:\/\/www.gym-toelz.de\/wp-content\/uploads\/2025\/12\/JT5A8960_Weihnachtsbasar_Burkina_Faso_20251129-1500x430.jpg\" width=\"1500\" height=\"430\" title='JT5A8960_Weihnachtsbasar_Burkina_Faso_20251129' alt=''  itemprop=\"thumbnailUrl\"   \/><\/div><\/li><li  class='avia-slideshow-slide av-miu3022i-dabc16cbf052a54d0dce77d83bc38ec9__10  slide-11 slide-odd'><div data-rel='slideshow-1' class='avia-slide-wrap '   ><img decoding=\"async\" fetchpriority=\"high\" class=\"wp-image-3137 avia-img-lazy-loading-not-3137\"  src=\"https:\/\/www.gym-toelz.de\/wp-content\/uploads\/2025\/12\/JT5A8953_Weihnachtsbasar_Burkina_Faso_20251129-1500x430.jpg\" width=\"1500\" height=\"430\" title='JT5A8953_Weihnachtsbasar_Burkina_Faso_20251129' alt=''  itemprop=\"thumbnailUrl\"   \/><\/div><\/li><\/ul><div class='avia-slideshow-arrows avia-slideshow-controls' ><a href='#prev' class='prev-slide  avia-svg-icon avia-font-svg_entypo-fontello' data-av_svg_icon='left-open-big' data-av_iconset='svg_entypo-fontello' tabindex='-1' title=\"Zur\u00fcck\"><svg version=\"1.1\" xmlns=\"http:\/\/www.w3.org\/2000\/svg\" width=\"15\" height=\"32\" viewBox=\"0 0 15 32\" preserveAspectRatio=\"xMidYMid meet\" aria-labelledby='av-svg-title-1' aria-describedby='av-svg-desc-1' role=\"graphics-symbol\" aria-hidden=\"true\">\n<title id='av-svg-title-1'>Zur\u00fcck<\/title>\n<desc id='av-svg-desc-1'>Zur\u00fcck<\/desc>\n<path d=\"M14.464 27.84q0.832 0.832 0 1.536-0.832 0.832-1.536 0l-12.544-12.608q-0.768-0.768 0-1.6l12.544-12.608q0.704-0.832 1.536 0 0.832 0.704 0 1.536l-11.456 11.904z\"><\/path>\n<\/svg><span class='avia_hidden_link_text'>Zur\u00fcck<\/span><\/a><a href='#next' class='next-slide  avia-svg-icon avia-font-svg_entypo-fontello' data-av_svg_icon='right-open-big' data-av_iconset='svg_entypo-fontello' tabindex='-1' title=\"Weiter\"><svg version=\"1.1\" xmlns=\"http:\/\/www.w3.org\/2000\/svg\" width=\"15\" height=\"32\" viewBox=\"0 0 15 32\" preserveAspectRatio=\"xMidYMid meet\" aria-labelledby='av-svg-title-2' aria-describedby='av-svg-desc-2' role=\"graphics-symbol\" aria-hidden=\"true\">\n<title id='av-svg-title-2'>Weiter<\/title>\n<desc id='av-svg-desc-2'>Weiter<\/desc>\n<path d=\"M0.416 27.84l11.456-11.84-11.456-11.904q-0.832-0.832 0-1.536 0.832-0.832 1.536 0l12.544 12.608q0.768 0.832 0 1.6l-12.544 12.608q-0.704 0.832-1.536 0-0.832-0.704 0-1.536z\"><\/path>\n<\/svg><span class='avia_hidden_link_text'>Weiter<\/span><\/a><\/div><div class='avia-slideshow-dots avia-slideshow-controls'><a href='#1' class='goto-slide active' >1<\/a><a href='#2' class='goto-slide ' >2<\/a><a href='#3' class='goto-slide ' >3<\/a><a href='#4' class='goto-slide ' >4<\/a><a href='#5' class='goto-slide ' >5<\/a><a href='#6' class='goto-slide ' >6<\/a><a href='#7' class='goto-slide ' >7<\/a><a href='#8' class='goto-slide ' >8<\/a><a href='#9' class='goto-slide ' >9<\/a><a href='#10' class='goto-slide ' >10<\/a><a href='#11' class='goto-slide ' >11<\/a><\/div><\/div>\n<section  class='av_textblock_section av-miu31pvg-262a02ddf1f6edc1c321a5f330427d6b '   itemscope=\"itemscope\" itemtype=\"https:\/\/schema.org\/BlogPosting\" itemprop=\"blogPost\" ><div class='avia_textblock'  itemprop=\"text\" ><p>Nach den Begr\u00fc\u00dfungsworten von Schulleitungsmitglied Thomas Zimmermann und dem 2. Vereinsvorsitzenden Markus Zimmermann sowie einer stimmungsvollen musikalischen Einstimmung durch den Projektchor der Klassen 5\u201313 ging es endlich los: Bummeln, St\u00f6bern, Entdecken. Die Auswahl war riesig \u2013 von fantasievollem Christbaumschmuck, winterlicher Deko und Holz-Adventskalendern \u00fcber Badekugeln, Lebkuchenh\u00e4user, Selbstgestricktes und Gen\u00e4htes bis hin zu Pl\u00e4tzchen, Eingemachtem, Weihnachtskarten und vielem mehr.<br \/>\nAn der SMV-Tombola wurde eifrig am Gl\u00fccksrad gedreht, am Afrikastand waren die K\u00f6rbe und die Adventskr\u00e4nze im Nu ausverkauft, und die Geldkassen an den St\u00e4nden f\u00fcllten sich erfreulich schnell. F\u00fcr besondere Momente sorgten die Big Band sowie die Harfenmusik und der Gesang einer Sch\u00fclerin aus dem Leistungsfach Musik \u2013 eine wunderbare Mischung, die sofort f\u00fcr vorweihnachtliche Atmosph\u00e4re sorgte.<br \/>\nAuch kulinarisch blieb kein Wunsch offen: Das \u00fcppige Buffet mit warmen und kalten Speisen, dazu Kaffee, Kuchen und frisch Gebackenes, lud zum Genie\u00dfen und Verweilen ein. Viele nutzten die Gelegenheit, gem\u00fctlich ins Gespr\u00e4ch zu kommen oder sich \u00fcber unsere aktuellen Projekte in Burkina Faso zu informieren \u2013 ein echtes Zusammenkommen der Schulfamilie.<br \/>\nAm Ende des Tages blickte man \u00fcberall in zufriedene Gesichter, als die Verk\u00e4uferinnen und Verk\u00e4ufer ihre Einnahmen z\u00e4hlten und beim Kassenwart des Vereins abgaben. Nach einer vorl\u00e4ufigen Endabrechnung kamen beeindruckende ca. 11.500 Euro zusammen \u2013 ein Ergebnis, \u00fcber das wir uns besonders im Jubil\u00e4umsjahr freuen und das den Basar 2025 zu einem der drei erfolgreichsten in der Vereinsgeschichte macht.<br \/>\nEin riesiges Dankesch\u00f6n an alle Sch\u00fclerinnen und Sch\u00fcler, Eltern, Lehrkr\u00e4fte sowie an alle weiteren Helferinnen und Helfer, die mit so viel Engagement dabei waren! Und nat\u00fcrlich ein herzlicher Dank an alle, die gekauft, gespendet und unterst\u00fctzt haben \u2013 ohne Sie und euch w\u00e4re dieses wunderbare Ergebnis nicht m\u00f6glich gewesen.<br \/>\nDie Einnahmen flie\u00dfen in den Bau eines weiteren Lyc\u00e9es in Sagla oder Taon, wo bereits zwei Grundschulen stehen. Damit m\u00f6chten wir noch mehr jungen Menschen in Burkina Faso eine weiterf\u00fchrende Schul- und Berufsausbildung erm\u00f6glichen.<br \/>\nWir w\u00fcnschen der gesamten Schulfamilie ein frohes Weihnachtsfest, erholsame Ferien und einen guten Start ins Jahr 2026!<\/p>\n<\/div><\/section>\n","protected":false},"excerpt":{"rendered":"","protected":false},"author":3,"featured_media":3145,"comment_status":"closed","ping_status":"open","sticky":false,"template":"","format":"standard","meta":{"footnotes":""},"categories":[8,33],"tags":[],"class_list":["post-3148","post","type-post","status-publish","format-standard","has-post-thumbnail","hentry","category-aktuelles","category-gemeinsamafrika"],"_links":{"self":[{"href":"https:\/\/www.gym-toelz.de\/index.php\/wp-json\/wp\/v2\/posts\/3148","targetHints":{"allow":["GET"]}}],"collection":[{"href":"https:\/\/www.gym-toelz.de\/index.php\/wp-json\/wp\/v2\/posts"}],"about":[{"href":"https:\/\/www.gym-toelz.de\/index.php\/wp-json\/wp\/v2\/types\/post"}],"author":[{"embeddable":true,"href":"https:\/\/www.gym-toelz.de\/index.php\/wp-json\/wp\/v2\/users\/3"}],"replies":[{"embeddable":true,"href":"https:\/\/www.gym-toelz.de\/index.php\/wp-json\/wp\/v2\/comments?post=3148"}],"version-history":[{"count":5,"href":"https:\/\/www.gym-toelz.de\/index.php\/wp-json\/wp\/v2\/posts\/3148\/revisions"}],"predecessor-version":[{"id":3151,"href":"https:\/\/www.gym-toelz.de\/index.php\/wp-json\/wp\/v2\/posts\/3148\/revisions\/3151"}],"wp:featuredmedia":[{"embeddable":true,"href":"https:\/\/www.gym-toelz.de\/index.php\/wp-json\/wp\/v2\/media\/3145"}],"wp:attachment":[{"href":"https:\/\/www.gym-toelz.de\/index.php\/wp-json\/wp\/v2\/media?parent=3148"}],"wp:term":[{"taxonomy":"category","embeddable":true,"href":"https:\/\/www.gym-toelz.de\/index.php\/wp-json\/wp\/v2\/categories?post=3148"},{"taxonomy":"post_tag","embeddable":true,"href":"https:\/\/www.gym-toelz.de\/index.php\/wp-json\/wp\/v2\/tags?post=3148"}],"curies":[{"name":"wp","href":"https:\/\/api.w.org\/{rel}","templated":true}]}}