{"id":3130,"date":"2024-04-17T11:52:57","date_gmt":"2024-04-17T11:52:57","guid":{"rendered":"https:\/\/www.gym-toelz.de\/?p=3130"},"modified":"2025-12-04T09:58:10","modified_gmt":"2025-12-04T09:58:10","slug":"besuch-der-gedenkstaette-dachau","status":"publish","type":"post","link":"https:\/\/www.gym-toelz.de\/index.php\/2024\/04\/17\/besuch-der-gedenkstaette-dachau\/","title":{"rendered":"Besuch der Gedenkst\u00e4tte Dachau"},"content":{"rendered":"<p>Eindr\u00fccke von Sch\u00fclern und Sch\u00fclerinnen der neunten Jahrgangsstufe 2024<\/p>\n<p>Am 17. April 2024 besuchten alle neunten Klassen wie jedes Schuljahr im Rahmen des Geschichtsunterrichts die Gedenkst\u00e4tte Dachau. Dort konnten die Sch\u00fcler und Sch\u00fclerinnen sich zun\u00e4chst in der Ausstellung ein Bild von dem Konzentrationslager Dachau machen, bevor sie von ausgebildeten Kollegen und Kolleginnen des Effner-Gymnasiums Dachau eine F\u00fchrung durch die Gedenkst\u00e4tte bekamen.<br \/>\nDieser Besuch der Gedenkst\u00e4tte hinterlie\u00df einen nachhaltigen Eindruck auf unsere Sch\u00fcler und Sch\u00fclerinnen und ist damit ein wichtiger Beitrag im Rahmen der Behandlung dieses dunklen Kapitels deutscher Geschichte.<br \/>\n<em>Katharina Schambeck<\/em><\/p>\n<p>Eindr\u00fccke von Sch\u00fclern und Sch\u00fclerinnen<\/p>\n<blockquote><p>Schon beim Ankommen bei der Gedenkst\u00e4tte fiel uns das lebhafte Gr\u00fcn der B\u00e4ume vor der Anlage als starker Kontrast zu den leblosen, grauen Geb\u00e4uden auf. Beim Eintreten durch das Tor empfanden wir die bedr\u00fcckende Stimmung, die in der Luft lag. Zun\u00e4chst sahen wir uns die Ausstellung an, die u. a die Pl\u00e4ne der Anlage, Wertsachen der damaligen Insassen, Informationstafeln zur Geschichte der NS-Zeit umfasst. So konnten wir die Geschichte des KZ-Dachau sowie die Lebensbedingungen, unter welchen die H\u00e4ftlinge litten, erfassen. Anschlie\u00dfend bekamen wir eine F\u00fchrung, die uns vom Tor des Konzentrationslagers, \u00fcber eine Baracke bis hin zum Krematorium leitete. Die F\u00fchrung war sehr interessant und gut aufgebaut. Wir konnten auch unsere Fragen stellen, die umfassend beantwortet wurden. So war diese Exkursion f\u00fcr uns sehr lehrreich, an manchen Stellen aber auch emotional und bedr\u00fcckend. Sie hat uns gezeigt, zu welch furchtbaren und grausamen Taten Menschen in der Lage sind, und uns noch einmal sehr bewusst gemacht, dass so etwas nie wieder passieren darf.<\/p><\/blockquote>\n<p><em>Emily Charlotte Horwarth und Annika Mang (9c)<\/em><\/p>\n","protected":false},"excerpt":{"rendered":"<p>Eindr\u00fccke von Sch\u00fclern und Sch\u00fclerinnen der neunten Jahrgangsstufe 2024 Am 17. April 2024 besuchten alle neunten Klassen wie jedes Schuljahr im Rahmen des Geschichtsunterrichts die Gedenkst\u00e4tte Dachau. Dort konnten die Sch\u00fcler und Sch\u00fclerinnen sich zun\u00e4chst in der Ausstellung ein Bild von dem Konzentrationslager Dachau machen, bevor sie von ausgebildeten Kollegen und Kolleginnen des Effner-Gymnasiums Dachau [&hellip;]<\/p>\n","protected":false},"author":3,"featured_media":0,"comment_status":"closed","ping_status":"open","sticky":false,"template":"","format":"standard","meta":{"footnotes":""},"categories":[8,21,1],"tags":[],"class_list":["post-3130","post","type-post","status-publish","format-standard","hentry","category-aktuelles","category-geschichte-sozialkunde","category-uncategorized"],"_links":{"self":[{"href":"https:\/\/www.gym-toelz.de\/index.php\/wp-json\/wp\/v2\/posts\/3130","targetHints":{"allow":["GET"]}}],"collection":[{"href":"https:\/\/www.gym-toelz.de\/index.php\/wp-json\/wp\/v2\/posts"}],"about":[{"href":"https:\/\/www.gym-toelz.de\/index.php\/wp-json\/wp\/v2\/types\/post"}],"author":[{"embeddable":true,"href":"https:\/\/www.gym-toelz.de\/index.php\/wp-json\/wp\/v2\/users\/3"}],"replies":[{"embeddable":true,"href":"https:\/\/www.gym-toelz.de\/index.php\/wp-json\/wp\/v2\/comments?post=3130"}],"version-history":[{"count":2,"href":"https:\/\/www.gym-toelz.de\/index.php\/wp-json\/wp\/v2\/posts\/3130\/revisions"}],"predecessor-version":[{"id":3174,"href":"https:\/\/www.gym-toelz.de\/index.php\/wp-json\/wp\/v2\/posts\/3130\/revisions\/3174"}],"wp:attachment":[{"href":"https:\/\/www.gym-toelz.de\/index.php\/wp-json\/wp\/v2\/media?parent=3130"}],"wp:term":[{"taxonomy":"category","embeddable":true,"href":"https:\/\/www.gym-toelz.de\/index.php\/wp-json\/wp\/v2\/categories?post=3130"},{"taxonomy":"post_tag","embeddable":true,"href":"https:\/\/www.gym-toelz.de\/index.php\/wp-json\/wp\/v2\/tags?post=3130"}],"curies":[{"name":"wp","href":"https:\/\/api.w.org\/{rel}","templated":true}]}}