{"id":2825,"date":"2025-10-24T08:32:29","date_gmt":"2025-10-24T08:32:29","guid":{"rendered":"https:\/\/www.gym-toelz.de\/?p=2825"},"modified":"2025-10-24T10:55:21","modified_gmt":"2025-10-24T10:55:21","slug":"selbsterkundung-und-zusammenwachsen","status":"publish","type":"post","link":"https:\/\/www.gym-toelz.de\/index.php\/2025\/10\/24\/selbsterkundung-und-zusammenwachsen\/","title":{"rendered":"Selbsterkundung und Zusammenwachsen"},"content":{"rendered":"<p>Die Orientierungstage der 12. Jahrgangsstufe in Benediktbeuern<br \/>\nVon Veronika Moosmair, Q12<\/p>\n<p>Das neue Schuljahr hat begonnen \u2013 und f\u00fcr uns die 12. Jahrgangsstufe. Auch das Abitur r\u00fcckt in greifbare N\u00e4he und die Frage nach der Zukunft taucht auf. Was mache ich nach dem Abitur? Welchen Beruf m\u00f6chte ich aus\u00fcben? Die Orientierungstage, die wir von Mittwoch, den 24.09.2025, bis Freitag, den 26.09.2025, in Benediktbeuern verbringen durften, sollten uns bei genau diesen Lebensentscheidungen helfen und uns auch als Jahrgangsstufe mehr zusammenwachsen lassen. Am Mittwoch setzten wir uns in unseren ABO-Gruppen (die Gruppen, in denen wir das Aufbaumodul zur beruflichen Orientierung absolvieren) mit unseren Werten auseinander. Wir ordneten Werte entsprechend unseren Priorit\u00e4ten und jeder dachte auch individuell \u00fcber die eigenen Werte nach. Zum Abschluss machten wir mit unserer ABO-Gruppe ein Spiel zum Teambuilding. Wir besprachen auch, welche Werte bei solchen Gruppenaufgaben essentiell sind.<\/p>\n<p>Teambuilding<\/p>\n<p><img loading=\"lazy\" decoding=\"async\" class=\"alignnone wp-image-2823 \" src=\"https:\/\/www.gym-toelz.de\/wp-content\/uploads\/2025\/10\/orientierungstage-q12-2025.png\" alt=\"\" width=\"823\" height=\"463\" srcset=\"https:\/\/www.gym-toelz.de\/wp-content\/uploads\/2025\/10\/orientierungstage-q12-2025.png 1066w, https:\/\/www.gym-toelz.de\/wp-content\/uploads\/2025\/10\/orientierungstage-q12-2025-300x169.png 300w, https:\/\/www.gym-toelz.de\/wp-content\/uploads\/2025\/10\/orientierungstage-q12-2025-1030x580.png 1030w, https:\/\/www.gym-toelz.de\/wp-content\/uploads\/2025\/10\/orientierungstage-q12-2025-768x432.png 768w, https:\/\/www.gym-toelz.de\/wp-content\/uploads\/2025\/10\/orientierungstage-q12-2025-705x397.png 705w\" sizes=\"auto, (max-width: 823px) 100vw, 823px\" \/><br \/>\nNach dem Abendessen fand der Alumni-Abend in Form von Gespr\u00e4chen mit ehemaligen Sch\u00fclerinnen und Sch\u00fclern des Gabriel-von-Seidl-Gymnasiums statt. Wir konnten aus einer Vielzahl an verschiedenen Bereichen (z.B. Notfallrettung, Polizei, Umweltingenieurwesen, Informatik, Psychologie, Design, Kulturwirtschaft) unsere Workshops w\u00e4hlen. Die Gespr\u00e4che waren sehr hilfreich. Man erfuhr etwas \u00fcber die Werdeg\u00e4nge der Referentinnen und Referenten sowie die Themen und F\u00e4cher in Studium oder Ausbildung. Es war sehr interessant, die verschiedenen Lebensentw\u00fcrfe zu erfahren und so auch f\u00fcr das eigene Leben neue Ziele oder Ideen zu entwickeln beziehungsweise zu konkretisieren.<\/p>\n<p>Im Gespr\u00e4ch mit den Rettungssanit\u00e4tern<\/p>\n<p><img loading=\"lazy\" decoding=\"async\" class=\"alignnone wp-image-2824 \" src=\"https:\/\/www.gym-toelz.de\/wp-content\/uploads\/2025\/10\/orientierungstage-q12-sanitaeter-2025.png\" alt=\"\" width=\"844\" height=\"475\" srcset=\"https:\/\/www.gym-toelz.de\/wp-content\/uploads\/2025\/10\/orientierungstage-q12-sanitaeter-2025.png 956w, https:\/\/www.gym-toelz.de\/wp-content\/uploads\/2025\/10\/orientierungstage-q12-sanitaeter-2025-300x169.png 300w, https:\/\/www.gym-toelz.de\/wp-content\/uploads\/2025\/10\/orientierungstage-q12-sanitaeter-2025-768x432.png 768w, https:\/\/www.gym-toelz.de\/wp-content\/uploads\/2025\/10\/orientierungstage-q12-sanitaeter-2025-705x397.png 705w\" sizes=\"auto, (max-width: 844px) 100vw, 844px\" \/><\/p>\n<p>Unseren Informationsreichen Tag beendeten wir mit der \u201eGuten Nacht\u201c, einem Angebot des Aktionszentrums mit meditativen Impulsen f\u00fcr unser Leben. Am n\u00e4chsten Tag standen f\u00fcr uns zwei Workshop-Runden auf dem Programm. Es gab Workshops zur Bew\u00e4ltigung von Krisen, zu den eigenen und zwischenmenschlichen Grenzen und deren \u00dcberwindung, zum Leben in Beziehungen, zur Politik, zum Streiten bzw. zum Umgang mit Konflikten und zum Klimawandel. Abends konnten wir uns aussuchen, ob wir an einem Spieleabend, einer Klosterf\u00fchrung, einer Traumreise, einer Nachtwanderung, einer Infoveranstaltung zum Freiwilligendienst im Ausland oder dem Klettern teilnehmen wollten. Nach diesem Programm blieb uns Freizeit, die wir wieder mit Spielen, Tischtennis, Billard und sehr unterhaltsamen Gespr\u00e4chen verbrachten. Dabei war sehr sch\u00f6n, dass wir neben unseren Freunden auch Zeit mit anderen Mitsch\u00fclerinnen und Mitsch\u00fclern verbrachten, die man sonst nur vom Sehen kannte. Um 22.30 Uhr wurde wieder die \u201eGute Nacht\u201c angeboten.<br \/>\nDer Freitag war erneut der beruflichen Orientierung gewidmet. Bevor wir in die<br \/>\nOrientierungstage gestartet waren, hatten wir in einem Mebis-Selbstlernkurs einige Arbeitsauftr\u00e4ge bearbeiten sollen. Wir hatten u.a. eine Mind-Map mit unseren Interessen, Begabungen, Zielen, Werten, Hobbies und Berufsideen erstellt sowie einen Interessenstest durchgef\u00fchrt. \u00dcber die Ergebnisse tauschten wir uns in den ABO-Gruppen untereinander und mit unseren ABO-Lehrkr\u00e4ften aus. Zum Schluss durften wir einen Brief an unser Zukunfts-Ich mit unseren derzeitigen Gedanken, Berufs- und Zukunftsvorstellungen und Zielen, aber auch Sorgen, W\u00fcnsche und Hoffnungen im Hinblick auf die Qualifikationsstufe und das Ende der Schulzeit verfassen, den wir in zwei Jahren mit unserem Abiturzeugnis zur\u00fcckerhalten werden. Ich freue mich jetzt schon darauf, den Brief in zwei Jahren zu lesen. Die Orientierungstage waren ein gelungener Einstieg in die 12. Jahrgangsstufe, denn wir konnten unsere Mitsch\u00fclerinnen und Mitsch\u00fcler, aber auch uns selbst besser kennenlernen, hatten gemeinsam viel Spa\u00df und wuchsen auch als Jahrgangsstufe mehr zusammen. Zudem gewannen wir neue Eindr\u00fccke und Informationen f\u00fcr unser zuk\u00fcnftiges Leben und unseren Beruf. Vor allem die Workshops aber auch der gemeinsame Austausch in den ABO-Gruppen und mit unseren Freunden waren dabei sehr hilfreich. Die Orientierungstage waren eine sch\u00f6ne und gewinnbringende Erfahrung mit der gesamten Jahrgangsstufe.<\/p>\n","protected":false},"excerpt":{"rendered":"<p>Die Orientierungstage der 12. Jahrgangsstufe in Benediktbeuern Von Veronika Moosmair, Q12 Das neue Schuljahr hat begonnen \u2013 und f\u00fcr uns die 12. Jahrgangsstufe. Auch das Abitur r\u00fcckt in greifbare N\u00e4he und die Frage nach der Zukunft taucht auf. Was mache ich nach dem Abitur? Welchen Beruf m\u00f6chte ich aus\u00fcben? Die Orientierungstage, die wir von Mittwoch, [&hellip;]<\/p>\n","protected":false},"author":3,"featured_media":2823,"comment_status":"closed","ping_status":"open","sticky":false,"template":"","format":"standard","meta":{"footnotes":""},"categories":[8,52],"tags":[],"class_list":["post-2825","post","type-post","status-publish","format-standard","has-post-thumbnail","hentry","category-aktuelles","category-berufsorientierung"],"_links":{"self":[{"href":"https:\/\/www.gym-toelz.de\/index.php\/wp-json\/wp\/v2\/posts\/2825","targetHints":{"allow":["GET"]}}],"collection":[{"href":"https:\/\/www.gym-toelz.de\/index.php\/wp-json\/wp\/v2\/posts"}],"about":[{"href":"https:\/\/www.gym-toelz.de\/index.php\/wp-json\/wp\/v2\/types\/post"}],"author":[{"embeddable":true,"href":"https:\/\/www.gym-toelz.de\/index.php\/wp-json\/wp\/v2\/users\/3"}],"replies":[{"embeddable":true,"href":"https:\/\/www.gym-toelz.de\/index.php\/wp-json\/wp\/v2\/comments?post=2825"}],"version-history":[{"count":2,"href":"https:\/\/www.gym-toelz.de\/index.php\/wp-json\/wp\/v2\/posts\/2825\/revisions"}],"predecessor-version":[{"id":2840,"href":"https:\/\/www.gym-toelz.de\/index.php\/wp-json\/wp\/v2\/posts\/2825\/revisions\/2840"}],"wp:featuredmedia":[{"embeddable":true,"href":"https:\/\/www.gym-toelz.de\/index.php\/wp-json\/wp\/v2\/media\/2823"}],"wp:attachment":[{"href":"https:\/\/www.gym-toelz.de\/index.php\/wp-json\/wp\/v2\/media?parent=2825"}],"wp:term":[{"taxonomy":"category","embeddable":true,"href":"https:\/\/www.gym-toelz.de\/index.php\/wp-json\/wp\/v2\/categories?post=2825"},{"taxonomy":"post_tag","embeddable":true,"href":"https:\/\/www.gym-toelz.de\/index.php\/wp-json\/wp\/v2\/tags?post=2825"}],"curies":[{"name":"wp","href":"https:\/\/api.w.org\/{rel}","templated":true}]}}