{"id":2817,"date":"2025-10-24T08:21:53","date_gmt":"2025-10-24T08:21:53","guid":{"rendered":"https:\/\/www.gym-toelz.de\/?p=2817"},"modified":"2025-10-24T08:24:24","modified_gmt":"2025-10-24T08:24:24","slug":"exkursion-an-den-erinnerungsort-badehaus","status":"publish","type":"post","link":"https:\/\/www.gym-toelz.de\/index.php\/2025\/10\/24\/exkursion-an-den-erinnerungsort-badehaus\/","title":{"rendered":"Exkursion an den Erinnerungsort BADEHAUS"},"content":{"rendered":"<p>Unsere Exkursion an den Erinnerungsort BADEHAUS in Waldram<\/p>\n<p>Von Melanie Lorenz und Veronika Moosmair (Q 12)<\/p>\n<p><img loading=\"lazy\" decoding=\"async\" class=\"alignnone wp-image-2816 \" src=\"https:\/\/www.gym-toelz.de\/wp-content\/uploads\/2025\/10\/exkursion-badehaus-q12-2025.png\" alt=\"\" width=\"782\" height=\"440\" srcset=\"https:\/\/www.gym-toelz.de\/wp-content\/uploads\/2025\/10\/exkursion-badehaus-q12-2025.png 894w, https:\/\/www.gym-toelz.de\/wp-content\/uploads\/2025\/10\/exkursion-badehaus-q12-2025-300x169.png 300w, https:\/\/www.gym-toelz.de\/wp-content\/uploads\/2025\/10\/exkursion-badehaus-q12-2025-768x432.png 768w, https:\/\/www.gym-toelz.de\/wp-content\/uploads\/2025\/10\/exkursion-badehaus-q12-2025-705x397.png 705w\" sizes=\"auto, (max-width: 782px) 100vw, 782px\" \/><\/p>\n<p>Am Mittwoch, den 23. Juli 2025, unternahmen die 11.Klassen angebunden an die sogenannte \u201eVerfassungsviertelstunde\u201c und im Rahmen der Demokratieerziehung mit Lehrkr\u00e4ften unterschiedlicher F\u00e4cher eine Exkursion zum BADEHAUS in Waldram bei Wolfratshausen. Hierbei handelt es sich jedoch nicht, wie der Name zun\u00e4chst vermuten l\u00e4sst, um ein Schwimmbad, sondern um einen Erinnerungsort, der die Geschichte des 2. Weltkriegs und die Nachkriegszeit im ehemaligen F\u00f6hrenwald beleuchtet.<\/p>\n<p>Nachdem wir in einer vorausgehenden Unterrichtsstunde von unseren Lehrkr\u00e4ften in einer Verfassungsviertelstunde auf den Besuch vorbereitet worden waren, wurden wir klassenweise durch das 2018 er\u00f6ffnete Museum gef\u00fchrt. Das BADEHAUS war ein Haus mit einem j\u00fcdischen Ritualbad, einer \u201eMikwe\u201c, d.h. ein ritueller Ort zur Waschung f\u00fcr sogenannte Displaced Persons (DPs), also Juden, die nach dem Krieg keine Heimat mehr hatten. Die Zeit, in der F\u00f6hrenwald als Auffanglager f\u00fcr die DPs verwendet wurde, stellt jedoch nur eine von drei Zeitschichten dar, die diesen Ort gepr\u00e4gt haben. Deshalb f\u00fchrte unsere Zeitreise durch drei zentrale R\u00e4ume: Im ersten Raum erfuhren wir mehr \u00fcber das ehemalige Badehaus selbst, das in der NS-Zeit ab 1940 Teil eines gro\u00dfen Barackenlagers war. Viele Menschen, die hier lebten, waren Opfer von Zwangsarbeit. In Munitionsfabriken mussten diese R\u00fcstungsarbeiter ihre Gesundheit im Dienst f\u00fcr die NS riskieren, da die Arbeit mit der Munition und den Chemikalien gef\u00e4hrlich war. Die Geb\u00e4ude selbst waren deshalb so unauff\u00e4llig wie m\u00f6glich gehalten, um keine Aufmerksamkeit zu erregen. Der regionale Bezug machte das Thema f\u00fcr viele greifbarer, es wurde klar, dass die Verbrechen nicht nur irgendwo stattfanden, sondern ganz in der N\u00e4he unseres heutigen Alltags. Im zweiten Raum wurde uns \u00fcber das j\u00fcdische Leben in F\u00f6hrenwald berichtet. Dieses begann erst nach dem 2.Weltkrieg, als das Lager unter den amerikanischen Befreiern zum Auffanglager f\u00fcr die \u00dcberlebenden des Todesmarschen sowie der j\u00fcdischen DPs umfunktioniert wurde. Diese Personen fanden in F\u00f6hrenwald ein neues Zuhause.<br \/>\nDas dritte Zimmer zeigt den Zeitabschnitt ab 1956, als die katholische Kirche das Gebiet des Lagers aufkaufte und als neue Heimat f\u00fcr katholische Heimatvertriebene verwendete. Beeindruckend waren f\u00fcr viele auch die Zeitzeugengespr\u00e4che und Originalberichte, die per Audio oder Video pr\u00e4sentiert wurden. Auch der Au\u00dfenbereich war spannend zu sehen, da dort<br \/>\nFotos ausgestellt waren, die Kinder im j\u00fcdischen Displaced Persons Lager und Kinder in der Zeit Waldrams im Vergleich zeigten. Nach der F\u00fchrung durften wir uns im Museum<br \/>\nselbstst\u00e4ndig umsehen und weitere Eindr\u00fccke sammeln. Zum Abschluss wurde eine Dokumentation gezeigt, in der auch eine Zeitzeugin zu Wort kam. Sie beleuchtete das Leben der DPs nach dem Krieg und wie sie trotz allem versuchten, in Waldram ein neues Zuhause aufzubauen.<\/p>\n<p><img loading=\"lazy\" decoding=\"async\" class=\"alignnone wp-image-2815 \" src=\"https:\/\/www.gym-toelz.de\/wp-content\/uploads\/2025\/10\/exkursion-badehaus-q12-2-2025.png\" alt=\"\" width=\"754\" height=\"424\" srcset=\"https:\/\/www.gym-toelz.de\/wp-content\/uploads\/2025\/10\/exkursion-badehaus-q12-2-2025.png 1073w, https:\/\/www.gym-toelz.de\/wp-content\/uploads\/2025\/10\/exkursion-badehaus-q12-2-2025-300x169.png 300w, https:\/\/www.gym-toelz.de\/wp-content\/uploads\/2025\/10\/exkursion-badehaus-q12-2-2025-1030x579.png 1030w, https:\/\/www.gym-toelz.de\/wp-content\/uploads\/2025\/10\/exkursion-badehaus-q12-2-2025-768x432.png 768w, https:\/\/www.gym-toelz.de\/wp-content\/uploads\/2025\/10\/exkursion-badehaus-q12-2-2025-705x396.png 705w\" sizes=\"auto, (max-width: 754px) 100vw, 754px\" \/><\/p>\n<p>Der Tag bot uns interessante Einblicke in die belebte und vielf\u00e4ltige Geschichte F\u00f6hrenwalds bzw. Waldrams. Dieser Ort war gepr\u00e4gt von Zwangsarbeit und Unterdr\u00fcckung in der NS-Zeit, wurde aber nach dem 2. Weltkrieg zu einer neuen Heimat f\u00fcr die DPs und sp\u00e4ter f\u00fcr die katholischen Heimatvertriebenen. Diese gegens\u00e4tzliche Verwendung des Ortes und auch die damit einhergehende Ver\u00e4nderung der Stra\u00dfennamen bzw. letztendlich auch des Ortsnamens waren spannend zu sehen, und auch, wie sich dieser Ort innerhalb von 20 Jahren so tiefgreifend ver\u00e4ndert hat. Diese Exkursion mit Bezug zu den regionalen Ereignissen rund um das Kriegsende war ein gelungener und bereichernder Ausflug f\u00fcr das Erinnern und gegen das Vergessen, insbesondere, da sich das Ende des 2. Weltkriegs in diesem Jahr zum 80. Mal j\u00e4hrt.<\/p>\n","protected":false},"excerpt":{"rendered":"<p>Unsere Exkursion an den Erinnerungsort BADEHAUS in Waldram Von Melanie Lorenz und Veronika Moosmair (Q 12) Am Mittwoch, den 23. Juli 2025, unternahmen die 11.Klassen angebunden an die sogenannte \u201eVerfassungsviertelstunde\u201c und im Rahmen der Demokratieerziehung mit Lehrkr\u00e4ften unterschiedlicher F\u00e4cher eine Exkursion zum BADEHAUS in Waldram bei Wolfratshausen. Hierbei handelt es sich jedoch nicht, wie der [&hellip;]<\/p>\n","protected":false},"author":3,"featured_media":2816,"comment_status":"closed","ping_status":"open","sticky":false,"template":"","format":"standard","meta":{"footnotes":""},"categories":[8,21,51],"tags":[],"class_list":["post-2817","post","type-post","status-publish","format-standard","has-post-thumbnail","hentry","category-aktuelles","category-geschichte-sozialkunde","category-kultur"],"_links":{"self":[{"href":"https:\/\/www.gym-toelz.de\/index.php\/wp-json\/wp\/v2\/posts\/2817","targetHints":{"allow":["GET"]}}],"collection":[{"href":"https:\/\/www.gym-toelz.de\/index.php\/wp-json\/wp\/v2\/posts"}],"about":[{"href":"https:\/\/www.gym-toelz.de\/index.php\/wp-json\/wp\/v2\/types\/post"}],"author":[{"embeddable":true,"href":"https:\/\/www.gym-toelz.de\/index.php\/wp-json\/wp\/v2\/users\/3"}],"replies":[{"embeddable":true,"href":"https:\/\/www.gym-toelz.de\/index.php\/wp-json\/wp\/v2\/comments?post=2817"}],"version-history":[{"count":2,"href":"https:\/\/www.gym-toelz.de\/index.php\/wp-json\/wp\/v2\/posts\/2817\/revisions"}],"predecessor-version":[{"id":2820,"href":"https:\/\/www.gym-toelz.de\/index.php\/wp-json\/wp\/v2\/posts\/2817\/revisions\/2820"}],"wp:featuredmedia":[{"embeddable":true,"href":"https:\/\/www.gym-toelz.de\/index.php\/wp-json\/wp\/v2\/media\/2816"}],"wp:attachment":[{"href":"https:\/\/www.gym-toelz.de\/index.php\/wp-json\/wp\/v2\/media?parent=2817"}],"wp:term":[{"taxonomy":"category","embeddable":true,"href":"https:\/\/www.gym-toelz.de\/index.php\/wp-json\/wp\/v2\/categories?post=2817"},{"taxonomy":"post_tag","embeddable":true,"href":"https:\/\/www.gym-toelz.de\/index.php\/wp-json\/wp\/v2\/tags?post=2817"}],"curies":[{"name":"wp","href":"https:\/\/api.w.org\/{rel}","templated":true}]}}