{"id":1497,"date":"2025-07-18T06:02:04","date_gmt":"2025-07-18T06:02:04","guid":{"rendered":"https:\/\/www.gym-toelz.de\/?p=1497"},"modified":"2025-10-13T19:03:42","modified_gmt":"2025-10-13T19:03:42","slug":"spendenlauf-fuer-burkina","status":"publish","type":"post","link":"https:\/\/www.gym-toelz.de\/index.php\/2025\/07\/18\/spendenlauf-fuer-burkina\/","title":{"rendered":"Spendenlauf f\u00fcr Burkina"},"content":{"rendered":"<p>Laufen f\u00fcr Burkina Faso &#8211; Gro\u00dfer Erfolg beim Sponsorenlauf am Gabriel-von-Seidl-Gymnasium Bad T\u00f6lz am 14.07.2025.<img loading=\"lazy\" decoding=\"async\" class=\"size-square wp-image-1477 alignright\" src=\"https:\/\/www.gym-toelz.de\/wp-content\/uploads\/2025\/07\/Spendenlauf_Burkina_Faso_2025-180x180.jpg\" alt=\"\" width=\"180\" height=\"180\" srcset=\"https:\/\/www.gym-toelz.de\/wp-content\/uploads\/2025\/07\/Spendenlauf_Burkina_Faso_2025-180x180.jpg 180w, https:\/\/www.gym-toelz.de\/wp-content\/uploads\/2025\/07\/Spendenlauf_Burkina_Faso_2025-80x80.jpg 80w, https:\/\/www.gym-toelz.de\/wp-content\/uploads\/2025\/07\/Spendenlauf_Burkina_Faso_2025-36x36.jpg 36w\" sizes=\"auto, (max-width: 180px) 100vw, 180px\" \/><\/p>\n<p>Mehr als 190 Sch\u00fcler, 951 Runden (je 875m = 832 Kilometer) im Wald bei Ellbach und \u00fcber 9000 Euro f\u00fcr Schulprojekte in Burkina Faso \u2013 das ist das Ergebnis des Spendenlaufs der 5. und 6. Klassen.<\/p>\n<p>Sehr erfreulich war auch die Teilnahme unserer Migrantenkinder aus der &#8222;Deutschklasse&#8220;.<\/p>\n<p>Vielen Dank an alle L\u00e4ufer, Sponsoren und Helfer \u2013 ihr wart spitze!<\/p>\n<p>Ein besonderer Dank geht auch an die Organisatoren des gesamten Tages der 5. und 6. Klassen Herrn Rothbauer und Herrn Walz sowie an die Sch\u00fcler der 11A und des Leistungsfachs Sport Q12!<\/p>\n","protected":false},"excerpt":{"rendered":"<p>Laufen f\u00fcr Burkina Faso &#8211; Gro\u00dfer Erfolg beim Sponsorenlauf am Gabriel-von-Seidl-Gymnasium Bad T\u00f6lz am 14.07.2025. Mehr als 190 Sch\u00fcler, 951 Runden (je 875m = 832 Kilometer) im Wald bei Ellbach und \u00fcber 9000 Euro f\u00fcr Schulprojekte in Burkina Faso \u2013 das ist das Ergebnis des Spendenlaufs der 5. und 6. Klassen. Sehr erfreulich war auch [&hellip;]<\/p>\n","protected":false},"author":3,"featured_media":1676,"comment_status":"closed","ping_status":"open","sticky":false,"template":"","format":"standard","meta":{"footnotes":""},"categories":[8,33,25],"tags":[45,44],"class_list":["post-1497","post","type-post","status-publish","format-standard","has-post-thumbnail","hentry","category-aktuelles","category-gemeinsamafrika","category-sport","tag-gemeinsam-fuer-afrika","tag-spendenlauf"],"_links":{"self":[{"href":"https:\/\/www.gym-toelz.de\/index.php\/wp-json\/wp\/v2\/posts\/1497","targetHints":{"allow":["GET"]}}],"collection":[{"href":"https:\/\/www.gym-toelz.de\/index.php\/wp-json\/wp\/v2\/posts"}],"about":[{"href":"https:\/\/www.gym-toelz.de\/index.php\/wp-json\/wp\/v2\/types\/post"}],"author":[{"embeddable":true,"href":"https:\/\/www.gym-toelz.de\/index.php\/wp-json\/wp\/v2\/users\/3"}],"replies":[{"embeddable":true,"href":"https:\/\/www.gym-toelz.de\/index.php\/wp-json\/wp\/v2\/comments?post=1497"}],"version-history":[{"count":3,"href":"https:\/\/www.gym-toelz.de\/index.php\/wp-json\/wp\/v2\/posts\/1497\/revisions"}],"predecessor-version":[{"id":1681,"href":"https:\/\/www.gym-toelz.de\/index.php\/wp-json\/wp\/v2\/posts\/1497\/revisions\/1681"}],"wp:featuredmedia":[{"embeddable":true,"href":"https:\/\/www.gym-toelz.de\/index.php\/wp-json\/wp\/v2\/media\/1676"}],"wp:attachment":[{"href":"https:\/\/www.gym-toelz.de\/index.php\/wp-json\/wp\/v2\/media?parent=1497"}],"wp:term":[{"taxonomy":"category","embeddable":true,"href":"https:\/\/www.gym-toelz.de\/index.php\/wp-json\/wp\/v2\/categories?post=1497"},{"taxonomy":"post_tag","embeddable":true,"href":"https:\/\/www.gym-toelz.de\/index.php\/wp-json\/wp\/v2\/tags?post=1497"}],"curies":[{"name":"wp","href":"https:\/\/api.w.org\/{rel}","templated":true}]}}