{"id":1493,"date":"2025-07-18T05:58:34","date_gmt":"2025-07-18T05:58:34","guid":{"rendered":"https:\/\/www.gym-toelz.de\/?p=1493"},"modified":"2025-10-13T19:03:52","modified_gmt":"2025-10-13T19:03:52","slug":"landesfinale-mountainbiken-in-herrieden","status":"publish","type":"post","link":"https:\/\/www.gym-toelz.de\/index.php\/2025\/07\/18\/landesfinale-mountainbiken-in-herrieden\/","title":{"rendered":"Landesfinale Mountainbiken in Herrieden"},"content":{"rendered":"<p>Am 10.7.25 machten sich zwei unserer Schulmannschaften, Mixed 2 und Mixed 3 auf den Weg zum Landesfinale Mountainbiken nach Herrieden. Die Teams hatten sich zuvor bei spannenden Wettk\u00e4mpfen in Waldkraiburg erfolgreich qualifiziert.<img loading=\"lazy\" decoding=\"async\" class=\"alignright wp-image-1475 \" src=\"https:\/\/www.gym-toelz.de\/wp-content\/uploads\/2025\/07\/mtb-herrieden-2025.jpeg\" alt=\"\" width=\"245\" height=\"370\" srcset=\"https:\/\/www.gym-toelz.de\/wp-content\/uploads\/2025\/07\/mtb-herrieden-2025.jpeg 424w, https:\/\/www.gym-toelz.de\/wp-content\/uploads\/2025\/07\/mtb-herrieden-2025-199x300.jpeg 199w\" sizes=\"auto, (max-width: 245px) 100vw, 245px\" \/><\/p>\n<p>Bereits um 5 Uhr morgens startete die gemeinsame Sammelfahrt in Bad T\u00f6lz. Die Stimmung war trotz der fr\u00fchen Stunde motiviert \u2013 die Vorfreude auf das gro\u00dfe Finale \u00fcberwog die M\u00fcdigkeit.<\/p>\n<p>Leider mussten die urspr\u00fcnglich qualifizierten Mannschaften kurzfristig umstrukturiert werden, da einige Teammitglieder krankheits- oder verletzungsbedingt ausfielen. Trotz dieser Herausforderung konnten wir zwei vollz\u00e4hlige Teams aufstellen, die hoch motiviert an den Start gingen.<\/p>\n<p><img loading=\"lazy\" decoding=\"async\" class=\"alignleft wp-image-1476 \" src=\"https:\/\/www.gym-toelz.de\/wp-content\/uploads\/2025\/07\/mtb-herrieden-2025-2.jpeg\" alt=\"\" width=\"257\" height=\"386\" srcset=\"https:\/\/www.gym-toelz.de\/wp-content\/uploads\/2025\/07\/mtb-herrieden-2025-2.jpeg 426w, https:\/\/www.gym-toelz.de\/wp-content\/uploads\/2025\/07\/mtb-herrieden-2025-2-200x300.jpeg 200w\" sizes=\"auto, (max-width: 257px) 100vw, 257px\" \/>In Herrieden erwartete die Teilnehmenden eine sehr anspruchsvolle, berglastige Strecke mit schwerem Untergrund, Wiesenpassagen und technischen Trails. Das Wetter zeigte sich von seiner besten Seite \u2013 sonnig, aber nicht zu hei\u00df, was f\u00fcr faire Bedingungen sorgte. Die Konkurrenz war gro\u00df, denn die besten Teams aus ganz Bayern waren vertreten.<\/p>\n<p>Auch im Geschicklichkeitsparcours stellten unsere Fahrerinnen und Fahrer ihr K\u00f6nnen unter Beweis. Hier mussten unter anderem Paletten \u00fcberfahren, Holzlatten \u00fcbersprungen und kleine Gegenst\u00e4nde vom Boden aufgenommen und abgelegt werden \u2013 Aufgaben, die viel Fahrtechnik, Koordination und Konzentration verlangten.<\/p>\n<p>Am Ende erreichten unsere Teams einen beachtlichen 6. und 7. Platz \u2013 ein tolles Ergebnis angesichts der starken Konkurrenz und der kurzfristigen Umstellungen im Team.<\/p>\n<p>Ein gro\u00dfes Lob an alle Teilnehmenden f\u00fcr ihren Einsatz, ihre Ausdauer und den sportlichen Teamgeist \u2013 sowohl in der Vorbereitung als auch auf der Strecke!<\/p>\n<p>Andi Polke<\/p>\n","protected":false},"excerpt":{"rendered":"<p>Am 10.7.25 machten sich zwei unserer Schulmannschaften, Mixed 2 und Mixed 3 auf den Weg zum Landesfinale Mountainbiken nach Herrieden. Die Teams hatten sich zuvor bei spannenden Wettk\u00e4mpfen in Waldkraiburg erfolgreich qualifiziert. Bereits um 5 Uhr morgens startete die gemeinsame Sammelfahrt in Bad T\u00f6lz. Die Stimmung war trotz der fr\u00fchen Stunde motiviert \u2013 die Vorfreude [&hellip;]<\/p>\n","protected":false},"author":3,"featured_media":1678,"comment_status":"closed","ping_status":"open","sticky":false,"template":"","format":"standard","meta":{"footnotes":""},"categories":[8,25,34],"tags":[42,41,43],"class_list":["post-1493","post","type-post","status-publish","format-standard","has-post-thumbnail","hentry","category-aktuelles","category-sport","category-wahlkurse","tag-mountainbike","tag-mtb","tag-wettkampf"],"_links":{"self":[{"href":"https:\/\/www.gym-toelz.de\/index.php\/wp-json\/wp\/v2\/posts\/1493","targetHints":{"allow":["GET"]}}],"collection":[{"href":"https:\/\/www.gym-toelz.de\/index.php\/wp-json\/wp\/v2\/posts"}],"about":[{"href":"https:\/\/www.gym-toelz.de\/index.php\/wp-json\/wp\/v2\/types\/post"}],"author":[{"embeddable":true,"href":"https:\/\/www.gym-toelz.de\/index.php\/wp-json\/wp\/v2\/users\/3"}],"replies":[{"embeddable":true,"href":"https:\/\/www.gym-toelz.de\/index.php\/wp-json\/wp\/v2\/comments?post=1493"}],"version-history":[{"count":3,"href":"https:\/\/www.gym-toelz.de\/index.php\/wp-json\/wp\/v2\/posts\/1493\/revisions"}],"predecessor-version":[{"id":1839,"href":"https:\/\/www.gym-toelz.de\/index.php\/wp-json\/wp\/v2\/posts\/1493\/revisions\/1839"}],"wp:featuredmedia":[{"embeddable":true,"href":"https:\/\/www.gym-toelz.de\/index.php\/wp-json\/wp\/v2\/media\/1678"}],"wp:attachment":[{"href":"https:\/\/www.gym-toelz.de\/index.php\/wp-json\/wp\/v2\/media?parent=1493"}],"wp:term":[{"taxonomy":"category","embeddable":true,"href":"https:\/\/www.gym-toelz.de\/index.php\/wp-json\/wp\/v2\/categories?post=1493"},{"taxonomy":"post_tag","embeddable":true,"href":"https:\/\/www.gym-toelz.de\/index.php\/wp-json\/wp\/v2\/tags?post=1493"}],"curies":[{"name":"wp","href":"https:\/\/api.w.org\/{rel}","templated":true}]}}