{"id":1481,"date":"2025-07-18T05:41:25","date_gmt":"2025-07-18T05:41:25","guid":{"rendered":"https:\/\/www.gym-toelz.de\/?p=1481"},"modified":"2025-10-14T16:13:39","modified_gmt":"2025-10-14T16:13:39","slug":"schuelerzeitung-schuelerpodcast","status":"publish","type":"post","link":"https:\/\/www.gym-toelz.de\/index.php\/2025\/07\/18\/schuelerzeitung-schuelerpodcast\/","title":{"rendered":"Sch\u00fclerzeitung\/Sch\u00fclerPodcast"},"content":{"rendered":"<p><em>Juli 2025: Podcast zum Thema<\/em><br \/>\n\u201eKriegsende 1945 in Bad T\u00f6lz \u2013 Ende des Schreckens oder erschreckendes Jubil\u00e4um?\u201c<br \/>\nEinstieg ins Thema mit einem Zitat aus \u201eDie Br\u00fccke\u201c (Manfred Gregor Dorfmeister)<\/p>\n<p>Umfrage unter 11. Kl\u00e4sslern: 80 Jahre Kriegsende \u2013 \u00fcber die Wichtigkeit des Erinnerns<\/p>\n<p>Historischer R\u00fcckblick: Bad T\u00f6lz in der Zeit des Nationalsozialismus<\/p>\n<p>Interview mit Herrn Christoph Schnitzer, Historiker und Journalist<\/p>\n<p>Gespr\u00e4ch mit den Sch\u00fclersprechern Kilian, Aviva, Moritz:<br \/>\nJahre Kriegsende &#8211; wie wir heute unsere Demokratie sch\u00fctzen<\/p>\n<p>Abschlussworte von Abba Naor beim Ge(h)denken (30.4.25)<\/p>\n<p>Interview mit Herrn Abba Naor, Holocaust-\u00dcberlebender und Todesmarsch-Beteiligter<\/p>\n<p>Lehrkr\u00e4fte-Quiz: Wer spricht denn da?<br \/>\nAbschluss: Dorfmeister-Zitat<\/p>\n<p style=\"text-align: center;\"><a href=\"https:\/\/open.spotify.com\/show\/0HASLP1fHhlSjuhMNiDnzU\" target=\"_blank\" rel=\"noopener\">Externer Link zu Spotify <img loading=\"lazy\" decoding=\"async\" class=\"alignnone wp-image-1873\" src=\"https:\/\/www.gym-toelz.de\/wp-content\/uploads\/2025\/07\/icons8-new-tab-48.png\" alt=\"\" width=\"18\" height=\"18\" srcset=\"https:\/\/www.gym-toelz.de\/wp-content\/uploads\/2025\/07\/icons8-new-tab-48.png 48w, https:\/\/www.gym-toelz.de\/wp-content\/uploads\/2025\/07\/icons8-new-tab-48-36x36.png 36w\" sizes=\"auto, (max-width: 18px) 100vw, 18px\" \/><\/a><\/p>\n","protected":false},"excerpt":{"rendered":"<p>Juli 2025: Podcast zum Thema \u201eKriegsende 1945 in Bad T\u00f6lz \u2013 Ende des Schreckens oder erschreckendes Jubil\u00e4um?\u201c Einstieg ins Thema mit einem Zitat aus \u201eDie Br\u00fccke\u201c (Manfred Gregor Dorfmeister) Umfrage unter 11. Kl\u00e4sslern: 80 Jahre Kriegsende \u2013 \u00fcber die Wichtigkeit des Erinnerns Historischer R\u00fcckblick: Bad T\u00f6lz in der Zeit des Nationalsozialismus Interview mit Herrn Christoph [&hellip;]<\/p>\n","protected":false},"author":3,"featured_media":434,"comment_status":"closed","ping_status":"open","sticky":false,"template":"","format":"standard","meta":{"footnotes":""},"categories":[8,36,1,34],"tags":[38,37],"class_list":["post-1481","post","type-post","status-publish","format-standard","has-post-thumbnail","hentry","category-aktuelles","category-schuelerzeitung-schuelerpodcast","category-uncategorized","category-wahlkurse","tag-schuelerpodcast","tag-schuelerzeitung"],"_links":{"self":[{"href":"https:\/\/www.gym-toelz.de\/index.php\/wp-json\/wp\/v2\/posts\/1481","targetHints":{"allow":["GET"]}}],"collection":[{"href":"https:\/\/www.gym-toelz.de\/index.php\/wp-json\/wp\/v2\/posts"}],"about":[{"href":"https:\/\/www.gym-toelz.de\/index.php\/wp-json\/wp\/v2\/types\/post"}],"author":[{"embeddable":true,"href":"https:\/\/www.gym-toelz.de\/index.php\/wp-json\/wp\/v2\/users\/3"}],"replies":[{"embeddable":true,"href":"https:\/\/www.gym-toelz.de\/index.php\/wp-json\/wp\/v2\/comments?post=1481"}],"version-history":[{"count":6,"href":"https:\/\/www.gym-toelz.de\/index.php\/wp-json\/wp\/v2\/posts\/1481\/revisions"}],"predecessor-version":[{"id":2721,"href":"https:\/\/www.gym-toelz.de\/index.php\/wp-json\/wp\/v2\/posts\/1481\/revisions\/2721"}],"wp:featuredmedia":[{"embeddable":true,"href":"https:\/\/www.gym-toelz.de\/index.php\/wp-json\/wp\/v2\/media\/434"}],"wp:attachment":[{"href":"https:\/\/www.gym-toelz.de\/index.php\/wp-json\/wp\/v2\/media?parent=1481"}],"wp:term":[{"taxonomy":"category","embeddable":true,"href":"https:\/\/www.gym-toelz.de\/index.php\/wp-json\/wp\/v2\/categories?post=1481"},{"taxonomy":"post_tag","embeddable":true,"href":"https:\/\/www.gym-toelz.de\/index.php\/wp-json\/wp\/v2\/tags?post=1481"}],"curies":[{"name":"wp","href":"https:\/\/api.w.org\/{rel}","templated":true}]}}